{"id":46518,"date":"2019-07-15T19:00:00","date_gmt":"2019-07-15T23:00:00","guid":{"rendered":"https:\/\/linitiative.ca\/International\/porteur-dun-message-du-president-malien-le-mae-en-visite-aujourdhui-en-algerie\/"},"modified":"2019-07-15T19:00:00","modified_gmt":"2019-07-15T23:00:00","slug":"porteur-dun-message-du-president-malien-le-mae-en-visite-aujourdhui-en-algerie","status":"publish","type":"post","link":"https:\/\/linitiative.ca\/International\/porteur-dun-message-du-president-malien-le-mae-en-visite-aujourdhui-en-algerie\/","title":{"rendered":"Porteur d\u2019un message  du pr\u00e9sident malien :  Le MAE en visite aujourd\u2019hui  en Alg\u00e9rie"},"content":{"rendered":"<p>Le ministre malien des Affaires \u00e9trang\u00e8res et de la Coop\u00e9ration internationale du Mali, Ti\u00e9bil\u00e9 Dram\u00e9, effectuera aujourd\u2019hui et demain une visite de travail \u00e0 Alger. M. Dram\u00e9 sera porteur d&rsquo;un message du pr\u00e9sident malien, Ibrahim Boubacar Keita, au chef de l&rsquo;Etat, Abdelkader Bensalah. Ce d\u00e9placement en Alg\u00e9rie du chef de la diplomatie malienne intervient au lendemain de la visite \u00e0 Bamako, les 17 et 18 juin dernier, du ministre des Affaires \u00e9trang\u00e8res, Sabri Boukadoum, \u00e0 l&rsquo;occasion de laquelle il a copr\u00e9sid\u00e9 avec son homologue malien la 14e session du Comit\u00e9 bilat\u00e9ral strat\u00e9gique (CBS) alg\u00e9ro-malien, a ajout\u00e9 la m\u00eame source. M. Boukadoum a pr\u00e9sid\u00e9 \u00e0 l&rsquo;occasion de cette m\u00eame visite la 3e r\u00e9union minist\u00e9rielle du Comit\u00e9 de suivi de l&rsquo;Accord (CSA) d&rsquo;Alger, la visite de M. Dram\u00e9 permettra aux deux ministres de \u00abpoursuivre la concertation politique entre les deux pays autour des relations bilat\u00e9rales et des questions r\u00e9gionales d&rsquo;int\u00e9r\u00eat commun\u00bb.<\/p>\n<p>Auteur: elmoudjahid<br \/>\n<a href=\"http:\/\/www.elmoudjahid.com\/fr\/actualites\/139350\">Cliquez ici pour lire l&rsquo;article depuis sa source.<\/a><\/p>\n","protected":false},"excerpt":{"rendered":"<p>Le ministre malien des Affaires \u00e9trang\u00e8res et de la Coop\u00e9ration internationale du Mali, Ti\u00e9bil\u00e9 Dram\u00e9, effectuera aujourd\u2019hui et demain une visite de travail \u00e0 Alger. M. Dram\u00e9 sera porteur d&rsquo;un message du pr\u00e9sident malien, Ibrahim Boubacar Keita, au chef de l&rsquo;Etat, Abdelkader Bensalah. Ce d\u00e9placement en Alg\u00e9rie du chef de la diplomatie malienne intervient au [&hellip;]<\/p>\n","protected":false},"author":1744,"featured_media":0,"comment_status":"closed","ping_status":"closed","sticky":false,"template":"","format":"standard","meta":{"fifu_image_url":"","fifu_image_alt":"","footnotes":""},"categories":[73,53],"tags":[],"class_list":["post-46518","post","type-post","status-publish","format-standard","hentry","category-actualite","category-algerie"],"_links":{"self":[{"href":"https:\/\/linitiative.ca\/International\/wp-json\/wp\/v2\/posts\/46518","targetHints":{"allow":["GET"]}}],"collection":[{"href":"https:\/\/linitiative.ca\/International\/wp-json\/wp\/v2\/posts"}],"about":[{"href":"https:\/\/linitiative.ca\/International\/wp-json\/wp\/v2\/types\/post"}],"author":[{"embeddable":true,"href":"https:\/\/linitiative.ca\/International\/wp-json\/wp\/v2\/users\/1744"}],"replies":[{"embeddable":true,"href":"https:\/\/linitiative.ca\/International\/wp-json\/wp\/v2\/comments?post=46518"}],"version-history":[{"count":0,"href":"https:\/\/linitiative.ca\/International\/wp-json\/wp\/v2\/posts\/46518\/revisions"}],"wp:attachment":[{"href":"https:\/\/linitiative.ca\/International\/wp-json\/wp\/v2\/media?parent=46518"}],"wp:term":[{"taxonomy":"category","embeddable":true,"href":"https:\/\/linitiative.ca\/International\/wp-json\/wp\/v2\/categories?post=46518"},{"taxonomy":"post_tag","embeddable":true,"href":"https:\/\/linitiative.ca\/International\/wp-json\/wp\/v2\/tags?post=46518"}],"curies":[{"name":"wp","href":"https:\/\/api.w.org\/{rel}","templated":true}]}}