{"id":46519,"date":"2019-07-15T19:00:00","date_gmt":"2019-07-15T23:00:00","guid":{"rendered":"https:\/\/linitiative.ca\/International\/commentaire-avancees-et-decantation\/"},"modified":"2019-07-15T19:00:00","modified_gmt":"2019-07-15T23:00:00","slug":"commentaire-avancees-et-decantation","status":"publish","type":"post","link":"https:\/\/linitiative.ca\/International\/commentaire-avancees-et-decantation\/","title":{"rendered":"Commentaire : Avanc\u00e9es et d\u00e9cantation"},"content":{"rendered":"<p>La tenue de l\u2019\u00e9lection pr\u00e9sidentielle dans les d\u00e9lais les plus proches possibles commence \u00e0 s\u2019imposer comme une voie raisonnable et incontournable de sortie de crise. L\u2019option politique en question s\u2019impose sur la sc\u00e8ne m\u00eame si des r\u00e9ticences et r\u00e9sistances subsistent en raison de l\u2019opposition affich\u00e9e par une partie de la classe politique qui propose d\u2019autres solutions difficiles \u00e0 mettre en \u0153uvre pour ne pas dire impraticables.<br \/>Des voix et pas des moindres parmi les personnalit\u00e9s nationales cr\u00e9dibles et respectables et certains partis de l\u2019opposition se sont exprim\u00e9es ouvertement ces derniers jours pour la tenue de la pr\u00e9sidentielle m\u00eame si leur position est, pour le moment, assortie de quelques conditions ou pr\u00e9alables. La reprise du processus \u00e9lectoral s\u2019impose de plus en plus comme une n\u00e9cessit\u00e9 voire une obligation pour maintenir la sortie de crise par la voie constitutionnelle. Depuis le discours prononc\u00e9 par le chef de l\u2019Etat, les choses commencent \u00e0 bouger sur la sc\u00e8ne politique bien que les citoyens continuent \u00e0 manifester chaque vendredi pour revendiquer un changement profond et radical. La d\u00e9cantation est de plus en plus perceptible puisque des chefs de partis et personnalit\u00e9s ont mod\u00e9r\u00e9 leur position en affichant une pr\u00e9disposition \u00e0 discuter et adh\u00e9rer aux propositions \u00e9mises par le chef de l\u2019Etat. Certes beaucoup de chemin reste \u00e0 parcourir pour aboutir \u00e0 un consensus g\u00e9n\u00e9ral sur l\u2019in\u00e9vitable retour rapide aux urnes, il n\u2019en demeure pas moins que l\u2019option gagne de plus en plus du terrain et suscite int\u00e9r\u00eat quand ce n\u2019est pas de l\u2019adh\u00e9sion carr\u00e9ment. Plusieurs acteurs politiques et formations de l\u2019opposition admettent aujourd\u2019hui l\u2019irr\u00e9versibilit\u00e9 de la tenue de la pr\u00e9sidentielle tout en estimant que les conditions n\u00e9cessaires doivent \u00eatre r\u00e9unies et des garanties doivent \u00eatre avanc\u00e9es rapidement pour assurer la transparence et la r\u00e9gularit\u00e9 du scrutin. Offrir plus de chances de r\u00e9ussite \u00e0 cette op\u00e9ration \u00e9lectorale et constitutionnelle est un imp\u00e9ratif admis par tout le monde. Apr\u00e8s le report du rendez-vous du 4 juillet, mesure sagement d\u00e9cid\u00e9e de privil\u00e9gier un climat d\u2019apaisement et ramener la s\u00e9r\u00e9nit\u00e9, conditions n\u00e9cessaires pour lancer des initiatives de dialogue et de concertation politique, une nouvelle initiative politique a \u00e9t\u00e9 d\u00e9clin\u00e9e par les plus hautes autorit\u00e9s du pays.<br \/>Dans son allocution prononc\u00e9e le 3 juillet dernier, le chef de l\u2019Etat avait r\u00e9v\u00e9l\u00e9 les grandes lignes d\u2019une feuille de route sous forme de propositions et de garanties institutionnelles. Celle-ci s\u2019articule autour de l\u2019appel \u00e0 un dialogue constructif et responsable conduit par des personnalit\u00e9s sans attaches partisanes et qui ne nourrissent pas d\u2019ambitions politiques et \u00e9lectorales ainsi que la pr\u00e9paration des conditions de retour aux urnes dans les plus brefs d\u00e9lais. Le chef de l\u2019Etat, Abdelkader Bensalah, qui incarne actuellement et provisoirement l\u2019institution pr\u00e9sidentielle a accord\u00e9 \u00e0 cette nouvelle initiative le temps n\u00e9cessaire pour permettre aux acteurs politiques et directions des partis d\u2019examiner et d\u2019analyser les propositions annonc\u00e9es dans le discours en question. De leurs c\u00f4t\u00e9s, les partis et les personnalit\u00e9s politiques nationales ont pris le temps de d\u00e9cortiquer et \u00e9tudier d\u2019une mani\u00e8re approfondie les diff\u00e9rentes id\u00e9es celles portant notamment les garanties et assurances sur la conduite du dialogue et les conditions organisationnelles et mat\u00e9rielles du prochain scrutin. Un forum regroupant plusieurs chefs de partis, de personnalit\u00e9s nationales, de repr\u00e9sentants de la soci\u00e9t\u00e9 civile ainsi d\u2019activistes s\u2019est m\u00eame tenu \u00e0 Alger pour d\u00e9battre les voies et moyens de sortie de crise dont celles \u00e9nonc\u00e9es dans l\u2019allocution pr\u00e9sidentielle. Ce qui en soi, est une importante avanc\u00e9e.<br \/>Depuis le 3 juillet dernier, plusieurs responsables de partis de poids ainsi que des figures politiques connues se sont exprim\u00e9es favorablement tout en prenant, toutefois, le soin de reformuler certaines propositions et d\u2019en rajouter d\u2019autres qui versent pratiquement dans le m\u00eame sens. Sans se d\u00e9clarer officiellement et ouvertement, certaines personnalit\u00e9s laissent transpara\u00eetre leur intention voire leur volont\u00e9 de s\u2019engager \u00e9lectoralement en se portant candidats au prochain scrutin. A pr\u00e9sent, m\u00eame si la sc\u00e8ne s\u2019emballe progressivement, une forme de prudence est observ\u00e9e par une partie de la classe politique partag\u00e9e entre la temporisation et les r\u00e9serves de forme et la volont\u00e9 de se d\u00e9terminer franchement et ouvertement pour un processus \u00e9lectoral qui d\u00e9bouchera sur l\u2019\u00e9lection d\u2019un pr\u00e9sident de la R\u00e9publique l\u00e9gitime. Le d\u00e9bat et la r\u00e9flexion vont s\u2019approfondir dans les semaines \u00e0 venir pour aboutir \u00e0 un consensus global et acceptable par la majorit\u00e9 des acteurs autour des priorit\u00e9s de l\u2019heure. C\u2019est sur cette base qu\u2019il est possible de relancer le processus \u00e9lectoral qui dotera l\u2019Alg\u00e9rie d\u2019un nouveau chef d\u2019Etat \u00e9lu librement et d\u00e9mocratiquement par le peuple conform\u00e9ment aux principes constitutionnels en appliquant les normes et standards d\u00e9mocratiques et \u00e9lectoraux reconnus sur la sc\u00e8ne internationale. La prochaine \u00e9tape verra la discussion et le d\u00e9bat se concentrer essentiellement sur les m\u00e9canismes et instruments n\u00e9cessaires pour garantir la r\u00e9gularit\u00e9 et la transparence de toutes les op\u00e9rations \u00e9lectorales. L\u2019autorit\u00e9 nationale qui aura la charge d\u2019organiser le scrutin et dont l\u2019annonce \u00e0 \u00e9t\u00e9 faite par le chef de l\u2019Etat dans sa derni\u00e8re allocution en constitue la principale garantie. D\u2019autres aspects et volets focaliseront les d\u00e9bats pour adopter sereinement et d\u2019une mani\u00e8re consensuelle le dispositif \u00e9lectoral qui r\u00e9gira et encadrera l\u2019ensemble des op\u00e9rations relatives au futur scrutin pr\u00e9sidentiel.<br \/><strong>M. Oumalek<\/strong><\/p>\n<p>Auteur: elmoudjahid<br \/>\n<a href=\"http:\/\/www.elmoudjahid.com\/fr\/actualites\/139351\">Cliquez ici pour lire l&rsquo;article depuis sa source.<\/a><\/p>\n","protected":false},"excerpt":{"rendered":"<p>La tenue de l\u2019\u00e9lection pr\u00e9sidentielle dans les d\u00e9lais les plus proches possibles commence \u00e0 s\u2019imposer comme une voie raisonnable et incontournable de sortie de crise. L\u2019option politique en question s\u2019impose sur la sc\u00e8ne m\u00eame si des r\u00e9ticences et r\u00e9sistances subsistent en raison de l\u2019opposition affich\u00e9e par une partie de la classe politique qui propose d\u2019autres [&hellip;]<\/p>\n","protected":false},"author":1744,"featured_media":0,"comment_status":"closed","ping_status":"closed","sticky":false,"template":"","format":"standard","meta":{"fifu_image_url":"","fifu_image_alt":"","footnotes":""},"categories":[73,53],"tags":[],"class_list":["post-46519","post","type-post","status-publish","format-standard","hentry","category-actualite","category-algerie"],"_links":{"self":[{"href":"https:\/\/linitiative.ca\/International\/wp-json\/wp\/v2\/posts\/46519","targetHints":{"allow":["GET"]}}],"collection":[{"href":"https:\/\/linitiative.ca\/International\/wp-json\/wp\/v2\/posts"}],"about":[{"href":"https:\/\/linitiative.ca\/International\/wp-json\/wp\/v2\/types\/post"}],"author":[{"embeddable":true,"href":"https:\/\/linitiative.ca\/International\/wp-json\/wp\/v2\/users\/1744"}],"replies":[{"embeddable":true,"href":"https:\/\/linitiative.ca\/International\/wp-json\/wp\/v2\/comments?post=46519"}],"version-history":[{"count":0,"href":"https:\/\/linitiative.ca\/International\/wp-json\/wp\/v2\/posts\/46519\/revisions"}],"wp:attachment":[{"href":"https:\/\/linitiative.ca\/International\/wp-json\/wp\/v2\/media?parent=46519"}],"wp:term":[{"taxonomy":"category","embeddable":true,"href":"https:\/\/linitiative.ca\/International\/wp-json\/wp\/v2\/categories?post=46519"},{"taxonomy":"post_tag","embeddable":true,"href":"https:\/\/linitiative.ca\/International\/wp-json\/wp\/v2\/tags?post=46519"}],"curies":[{"name":"wp","href":"https:\/\/api.w.org\/{rel}","templated":true}]}}