{"id":46537,"date":"2019-07-16T15:29:00","date_gmt":"2019-07-16T19:29:00","guid":{"rendered":"https:\/\/linitiative.ca\/International\/deux-de-vue\/"},"modified":"2019-07-16T15:29:00","modified_gmt":"2019-07-16T19:29:00","slug":"deux-de-vue","status":"publish","type":"post","link":"https:\/\/linitiative.ca\/International\/deux-de-vue\/","title":{"rendered":"Deux \u00ab..\u00bb de vue"},"content":{"rendered":"<p><br id=\"sep_para_1\" class=\"sep_para access\"\/><\/p>\n<div id=\"para_1\" class=\"para_32179370 resize\">\n<div class=\"texte access firstletter\">Par sa masse et ses slogans, le hirak a mis en cause la l\u00e9gitimit\u00e9 des institutions qui ont assur\u00e9 la coh\u00e9sion de la soci\u00e9t\u00e9 jusque-l\u00e0. Ces derni\u00e8res, durant plus de 50 ans, ont \u00e9t\u00e9 accept\u00e9es, malgr\u00e9 leurs imperfections et les soubresauts r\u00e9currents de la r\u00e9volte, car elles nous avaient rendu possible le progr\u00e8s social, \u00e0 nous citoyens de \u00ab deuxi\u00e8me classe\u00bb. L\u2019Alg\u00e9rie ind\u00e9pendante a permis une multiplication par quatre de sa population et le niveau de vie des gens est sans commune mesure compar\u00e9 \u00e0 ce qu\u2019il \u00e9tait avant 1962. L\u2019inconv\u00e9nient est que ces avanc\u00e9es sociales \u00e9taient, dans une tr\u00e8s large mesure, adoss\u00e9es \u00e0 la redistribution de la rente des hydrocarbures. L\u2019amenuisement de cette derni\u00e8re \u00e0 partir de 2014 fait gripper la machine \u00e0 fabriquer le progr\u00e8s social et r\u00e9v\u00e8le la fragilit\u00e9 du mode d\u2019organisation social existant, les injustices qu\u2019il engendre deviennent insupportables. L\u2019indignation g\u00e9n\u00e9ralis\u00e9e devant les pratiques de pr\u00e9dation qui ont culmin\u00e9 sous le r\u00e9gime des Bouteflika met en cause la l\u00e9gitimit\u00e9 des m\u00e9diations les plus importantes, leur pertinence \u00e0 emp\u00eacher l\u2019\u00e9clatement de la coh\u00e9sion de la soci\u00e9t\u00e9 ; ces m\u00e9diations constituent les d\u00e9membrements de l\u2019Etat. Les deux grands points de vue qui s\u2019affrontent actuellement repr\u00e9sentent le parti de l\u2019ordre et celui du mouvement ; ils sont tous deux \u00e0 la fois unilat\u00e9raux et incomplets. Le premier d\u00e9fend \u00e0 juste raison le besoin d\u2019ordre dont d\u00e9pend la continuit\u00e9 de la soci\u00e9t\u00e9, mais il consid\u00e8re\u00a0 qu\u2019un assainissement suffira pour r\u00e9tablir la normalit\u00e9 pervertie par les pratiques maffieuses du r\u00e9gime Bouteflika. Il ne voit pas que le d\u00e9sajustement entre les aspirations des gens et les possibilit\u00e9s de l\u2019Etat a atteint une irr\u00e9versibilit\u00e9 telle que le changement des m\u00e9diations sociales les plus importantes devient imp\u00e9ratif. Le second repr\u00e9sente le besoin de changement et appelle \u00e0 juste titre \u00e0 l\u2019arrachage de toutes les repr\u00e9sentations du syst\u00e8me honni \u2018\u2019yetnahaw ga\u00e2\u2019\u2019.<\/div>\n<\/div>\n<p>Auteur: Ismain<br \/>\n<a href=\"https:\/\/www.reflexiondz.net\/Deux-de-vue_a56629.html\">Cliquez ici pour lire l&rsquo;article depuis sa source.<\/a><\/p>\n","protected":false},"excerpt":{"rendered":"<p>Par sa masse et ses slogans, le hirak a mis en cause la l\u00e9gitimit\u00e9 des institutions qui ont assur\u00e9 la coh\u00e9sion de la soci\u00e9t\u00e9 jusque-l\u00e0. Ces derni\u00e8res, durant plus de 50 ans, ont \u00e9t\u00e9 accept\u00e9es, malgr\u00e9 leurs imperfections et les soubresauts r\u00e9currents de la r\u00e9volte, car elles nous avaient rendu possible le progr\u00e8s social, \u00e0 [&hellip;]<\/p>\n","protected":false},"author":1740,"featured_media":0,"comment_status":"closed","ping_status":"closed","sticky":false,"template":"","format":"standard","meta":{"fifu_image_url":"","fifu_image_alt":"","footnotes":""},"categories":[53,76],"tags":[],"class_list":["post-46537","post","type-post","status-publish","format-standard","hentry","category-algerie","category-regions"],"_links":{"self":[{"href":"https:\/\/linitiative.ca\/International\/wp-json\/wp\/v2\/posts\/46537","targetHints":{"allow":["GET"]}}],"collection":[{"href":"https:\/\/linitiative.ca\/International\/wp-json\/wp\/v2\/posts"}],"about":[{"href":"https:\/\/linitiative.ca\/International\/wp-json\/wp\/v2\/types\/post"}],"author":[{"embeddable":true,"href":"https:\/\/linitiative.ca\/International\/wp-json\/wp\/v2\/users\/1740"}],"replies":[{"embeddable":true,"href":"https:\/\/linitiative.ca\/International\/wp-json\/wp\/v2\/comments?post=46537"}],"version-history":[{"count":0,"href":"https:\/\/linitiative.ca\/International\/wp-json\/wp\/v2\/posts\/46537\/revisions"}],"wp:attachment":[{"href":"https:\/\/linitiative.ca\/International\/wp-json\/wp\/v2\/media?parent=46537"}],"wp:term":[{"taxonomy":"category","embeddable":true,"href":"https:\/\/linitiative.ca\/International\/wp-json\/wp\/v2\/categories?post=46537"},{"taxonomy":"post_tag","embeddable":true,"href":"https:\/\/linitiative.ca\/International\/wp-json\/wp\/v2\/tags?post=46537"}],"curies":[{"name":"wp","href":"https:\/\/api.w.org\/{rel}","templated":true}]}}