{"id":46538,"date":"2019-07-16T15:29:00","date_gmt":"2019-07-16T19:29:00","guid":{"rendered":"https:\/\/linitiative.ca\/International\/affaire-mahieddine-tahkout-le-ministre-du-tourisme-laisse-en-liberte-provisoire\/"},"modified":"2019-07-16T15:29:00","modified_gmt":"2019-07-16T19:29:00","slug":"affaire-mahieddine-tahkout-le-ministre-du-tourisme-laisse-en-liberte-provisoire","status":"publish","type":"post","link":"https:\/\/linitiative.ca\/International\/affaire-mahieddine-tahkout-le-ministre-du-tourisme-laisse-en-liberte-provisoire\/","title":{"rendered":"AFFAIRE MAHIEDDINE TAHKOUT : Le ministre du Tourisme laiss\u00e9 en libert\u00e9 provisoire"},"content":{"rendered":"<p><br id=\"sep_para_1\" class=\"sep_para access\"\/><\/p>\n<div id=\"para_1\" class=\"para_32179368 resize\">\n<div class=\"texte access firstletter\">En effet, le ministre du Tourisme et ancien wali de Tissemsilt, Abdelkader Benmessaoud, a comparu ce mardi devant le conseiller enqu\u00eateur pr\u00e8s la Cour supr\u00eame \u00e0 Alger, dans le cadre de l&rsquo;enqu\u00eate sur l&rsquo;affaire de l&rsquo;homme d&rsquo;affaires, Mahieddine Tahkout. En application des dispositions de l&rsquo;article 573 du code de proc\u00e9dure p\u00e9nale, le parquet g\u00e9n\u00e9ral pr\u00e8s la Cour d&rsquo;Alger avait transmis le 19 juin dernier, au procureur g\u00e9n\u00e9ral pr\u00e8s la Cour supr\u00eame, le dossier d&rsquo;enqu\u00eate pr\u00e9liminaire instruite par la police judiciaire de la Gendarmerie nationale d&rsquo;Alger, pour des faits \u00e0 caract\u00e8re p\u00e9nal, \u00e0 l&rsquo;encontre de Mahieddine Tahkout et d&rsquo;autres mis en cause, dans le volet relatif aux cadres et hauts fonctionnaires. Outre Abdelkader Benmessaoud, plusieurs autres personnes sont poursuivies dans cette affaire, \u00e0 savoir, Ahmed Ouyahia, en sa qualit\u00e9 d&rsquo;ex-Premier ministre, Abdelghani Zaalane, en sa qualit\u00e9 d&rsquo;ex-ministre des Travaux publics et des Transports, Youcef Yousfi, en sa qualit\u00e9 d&rsquo;ex-ministre de l&rsquo;Industrie et des Mines, Abdelkader Zoukh, en sa qualit\u00e9 d&rsquo;ex-wali d&rsquo;Alger, Sif El Islam Louh, en sa qualit\u00e9 de wali de Saida en exercice, Djelloul Boukerbila, en sa qualit\u00e9 d&rsquo;ex-wali de Sa\u00efda, Abdellah Benmansour, en sa qualit\u00e9 d&rsquo;ex-wali d&rsquo;El Bayadh, Mohamed Djamel Khenfar, en sa qualit\u00e9 de wali d&rsquo;El Bayadh en exercice, Fouzi Benhocine, en sa qualit\u00e9 d&rsquo;ex-wali de Chlef et Skikda. Compte tenu de leurs fonctions lors des faits reproch\u00e9s, les concern\u00e9s b\u00e9n\u00e9ficient de proc\u00e9dures de privil\u00e8ges de juridiction consacr\u00e9es par le texte de loi suscit\u00e9.<\/div>\n<\/div>\n<p>Auteur: Ismain<br \/>\n<a href=\"https:\/\/www.reflexiondz.net\/AFFAIRE-MAHIEDDINE-TAHKOUT-Le-ministre-du-Tourisme-laisse-en-liberte-provisoire_a56628.html\">Cliquez ici pour lire l&rsquo;article depuis sa source.<\/a><\/p>\n","protected":false},"excerpt":{"rendered":"<p>En effet, le ministre du Tourisme et ancien wali de Tissemsilt, Abdelkader Benmessaoud, a comparu ce mardi devant le conseiller enqu\u00eateur pr\u00e8s la Cour supr\u00eame \u00e0 Alger, dans le cadre de l&rsquo;enqu\u00eate sur l&rsquo;affaire de l&rsquo;homme d&rsquo;affaires, Mahieddine Tahkout. En application des dispositions de l&rsquo;article 573 du code de proc\u00e9dure p\u00e9nale, le parquet g\u00e9n\u00e9ral pr\u00e8s [&hellip;]<\/p>\n","protected":false},"author":1740,"featured_media":0,"comment_status":"closed","ping_status":"closed","sticky":false,"template":"","format":"standard","meta":{"fifu_image_url":"","fifu_image_alt":"","footnotes":""},"categories":[53,76],"tags":[],"class_list":["post-46538","post","type-post","status-publish","format-standard","hentry","category-algerie","category-regions"],"_links":{"self":[{"href":"https:\/\/linitiative.ca\/International\/wp-json\/wp\/v2\/posts\/46538","targetHints":{"allow":["GET"]}}],"collection":[{"href":"https:\/\/linitiative.ca\/International\/wp-json\/wp\/v2\/posts"}],"about":[{"href":"https:\/\/linitiative.ca\/International\/wp-json\/wp\/v2\/types\/post"}],"author":[{"embeddable":true,"href":"https:\/\/linitiative.ca\/International\/wp-json\/wp\/v2\/users\/1740"}],"replies":[{"embeddable":true,"href":"https:\/\/linitiative.ca\/International\/wp-json\/wp\/v2\/comments?post=46538"}],"version-history":[{"count":0,"href":"https:\/\/linitiative.ca\/International\/wp-json\/wp\/v2\/posts\/46538\/revisions"}],"wp:attachment":[{"href":"https:\/\/linitiative.ca\/International\/wp-json\/wp\/v2\/media?parent=46538"}],"wp:term":[{"taxonomy":"category","embeddable":true,"href":"https:\/\/linitiative.ca\/International\/wp-json\/wp\/v2\/categories?post=46538"},{"taxonomy":"post_tag","embeddable":true,"href":"https:\/\/linitiative.ca\/International\/wp-json\/wp\/v2\/tags?post=46538"}],"curies":[{"name":"wp","href":"https:\/\/api.w.org\/{rel}","templated":true}]}}