{"id":46539,"date":"2019-07-16T15:29:00","date_gmt":"2019-07-16T19:29:00","guid":{"rendered":"https:\/\/linitiative.ca\/International\/secteur-agricole-installation-du-comite-de-la-recherche-scientifique\/"},"modified":"2019-07-16T15:29:00","modified_gmt":"2019-07-16T19:29:00","slug":"secteur-agricole-installation-du-comite-de-la-recherche-scientifique","status":"publish","type":"post","link":"https:\/\/linitiative.ca\/International\/secteur-agricole-installation-du-comite-de-la-recherche-scientifique\/","title":{"rendered":"SECTEUR AGRICOLE : Installation du Comit\u00e9  de la recherche scientifique"},"content":{"rendered":"<p><br id=\"sep_para_1\" class=\"sep_para access\"\/><\/p>\n<div id=\"para_1\" class=\"para_32179374 resize\">\n<div class=\"texte access firstletter\">Le Minist\u00e8re de l\u2019Agriculture, du D\u00e9veloppement Rural et de la P\u00eache et le minist\u00e8re de l\u2019Enseignement Sup\u00e9rieur et de la Recherche Scientifique ont install\u00e9 officiellement le Comit\u00e9 sectoriel permanent de la recherche scientifique et du d\u00e9veloppement technologique. Selon le minist\u00e8re de l\u2019agriculture,\u00a0 l\u2019installation de la commission permanente constituait un nouveau jalon dans l\u2019\u00e9difice de d\u00e9veloppement du monde agricole et le couronnement d\u2019un long processus global visant \u00e0 assurer une participation effective dans la gestion, le suivi et l\u2019\u00e9valuation des activit\u00e9s de recherche scientifique dans le secteur en vue de cerner et lever les lacunes et d\u00e9finir les perspectives de la recherche scientifique dans le domaine agricole. L\u2019installation de cette commission vise aussi \u00e0 cristalliser les efforts par la promotion, la coordination et l\u2019\u00e9valuation des activit\u00e9s et aboutir \u00e0 la mise en place d\u2019une strat\u00e9gie de d\u00e9veloppement de la recherche, d\u2019appui \u00e0 la formation des chercheurs, d\u2019am\u00e9lioration de leurs comp\u00e9tences et de vulgarisation des r\u00e9sultats de la recherche scientifique au service du d\u00e9veloppement du monde agricole.\u00a0\u00a0\u00a0\u00a0\u00a0\u00a0\u00a0\u00a0\u00a0\u00a0\u00a0\u00a0<\/div>\n<\/div>\n<p>Auteur: Nadine<br \/>\n<a href=\"https:\/\/www.reflexiondz.net\/SECTEUR-AGRICOLE-Installation-du-Comite-de-la-recherche-scientifique_a56630.html\">Cliquez ici pour lire l&rsquo;article depuis sa source.<\/a><\/p>\n","protected":false},"excerpt":{"rendered":"<p>Le Minist\u00e8re de l\u2019Agriculture, du D\u00e9veloppement Rural et de la P\u00eache et le minist\u00e8re de l\u2019Enseignement Sup\u00e9rieur et de la Recherche Scientifique ont install\u00e9 officiellement le Comit\u00e9 sectoriel permanent de la recherche scientifique et du d\u00e9veloppement technologique. Selon le minist\u00e8re de l\u2019agriculture,\u00a0 l\u2019installation de la commission permanente constituait un nouveau jalon dans l\u2019\u00e9difice de d\u00e9veloppement [&hellip;]<\/p>\n","protected":false},"author":1740,"featured_media":0,"comment_status":"closed","ping_status":"closed","sticky":false,"template":"","format":"standard","meta":{"fifu_image_url":"","fifu_image_alt":"","footnotes":""},"categories":[53,76],"tags":[],"class_list":["post-46539","post","type-post","status-publish","format-standard","hentry","category-algerie","category-regions"],"_links":{"self":[{"href":"https:\/\/linitiative.ca\/International\/wp-json\/wp\/v2\/posts\/46539","targetHints":{"allow":["GET"]}}],"collection":[{"href":"https:\/\/linitiative.ca\/International\/wp-json\/wp\/v2\/posts"}],"about":[{"href":"https:\/\/linitiative.ca\/International\/wp-json\/wp\/v2\/types\/post"}],"author":[{"embeddable":true,"href":"https:\/\/linitiative.ca\/International\/wp-json\/wp\/v2\/users\/1740"}],"replies":[{"embeddable":true,"href":"https:\/\/linitiative.ca\/International\/wp-json\/wp\/v2\/comments?post=46539"}],"version-history":[{"count":0,"href":"https:\/\/linitiative.ca\/International\/wp-json\/wp\/v2\/posts\/46539\/revisions"}],"wp:attachment":[{"href":"https:\/\/linitiative.ca\/International\/wp-json\/wp\/v2\/media?parent=46539"}],"wp:term":[{"taxonomy":"category","embeddable":true,"href":"https:\/\/linitiative.ca\/International\/wp-json\/wp\/v2\/categories?post=46539"},{"taxonomy":"post_tag","embeddable":true,"href":"https:\/\/linitiative.ca\/International\/wp-json\/wp\/v2\/tags?post=46539"}],"curies":[{"name":"wp","href":"https:\/\/api.w.org\/{rel}","templated":true}]}}