{"id":46565,"date":"2019-07-16T06:00:00","date_gmt":"2019-07-16T10:00:00","guid":{"rendered":"https:\/\/linitiative.ca\/International\/lonm-demande-la-relance-du-projet-de-loi-criminalisant-le-colonialisme\/"},"modified":"2019-07-16T06:00:00","modified_gmt":"2019-07-16T10:00:00","slug":"lonm-demande-la-relance-du-projet-de-loi-criminalisant-le-colonialisme","status":"publish","type":"post","link":"https:\/\/linitiative.ca\/International\/lonm-demande-la-relance-du-projet-de-loi-criminalisant-le-colonialisme\/","title":{"rendered":"L\u2019ONM demande la relance du projet de loi criminalisant le colonialisme"},"content":{"rendered":"<p>L\u2019Organisation nationale des moudjahidine (ONM) fait sa propre r\u00e9volution dans le sillage du mouvement populaire du 22 f\u00e9vrier. Parmi les organisations de masse utilis\u00e9es jadis par le pouvoir, elle a chang\u00e9 carr\u00e9ment sa ligne directrice, rompant ainsi avec ses anciennes habitudes qui consistaient \u00e0 se ranger automatiquement derri\u00e8re toutes les d\u00e9cisions des d\u00e9cideurs.<br \/>Karim Aimeur &#8211; Alger (Le Soir) &#8211; Dans un nouveau communiqu\u00e9, rendu public hier lundi, l\u2019Organisation demande la r\u00e9activation du projet de loi criminalisant le colonialisme fran\u00e7ais en Alg\u00e9rie ; un projet propos\u00e9 depuis plusieurs ann\u00e9es par quelques d\u00e9put\u00e9s mais bloqu\u00e9 par le gouvernement issu du FLN et du RND sur instruction de l\u2019ex-Pr\u00e9sident, Abdelaziz Bouteflika.<br \/>Selon l\u2019ancien pr\u00e9sident de l\u2019APN, Abdelaziz Ziari, Bouteflika s\u2019\u00e9tait fermement oppos\u00e9 \u00e0 ce projet.<br \/>En effet, le secr\u00e9taire g\u00e9n\u00e9ral par int\u00e9rim de l\u2019ONM, Mohand Ouamar Ben Lhadj, a appel\u00e9 le nouveau pr\u00e9sident de l\u2019APN, Slimane Chenine, \u00e0 rouvrir ce dossier qui avait, rappelons-le, provoqu\u00e9 une forte tension dans les relations entre l\u2019Alg\u00e9rie et la France.<br \/>\u00ab L\u2019Organisation nationale des oudjahidine demande au pr\u00e9sident de l\u2019Assembl\u00e9e populaire nationale, Slimane Chenine, de rouvrir ce dossier \u00e9pineux afin de faire face \u00e0 la loi glorifiant la colonisation adopt\u00e9e par le Parlement fran\u00e7ais, le 23 f\u00e9vrier 2005, \u00e0 travers une loi r\u00e9ciproque de l\u2019APN qui d\u00e9montre comment le colonialisme fran\u00e7ais a massacr\u00e9 le peuple alg\u00e9rien du 5 juillet 1830 au 19 mars 1962 \u00bb, \u00e9crit l\u2019ONM dans son communiqu\u00e9.<br \/>Ainsi, cette organisation veut criminaliser, \u00e0 travers une loi claire, la colonisation fran\u00e7aise et ses pratiques, depuis la chute d\u2019Alger entre les mains des Fran\u00e7ais le 5 juillet 1830 (le d\u00e9barquement fran\u00e7ais s\u2019est fait le 14 juin 1830, rappelons-le) et le 19 mars 1962, date de l\u2019entr\u00e9e en vigueur des Accords d\u2019Evian sign\u00e9s le 18 mars entre le GPRA, repr\u00e9sent\u00e9 par Krim Belkacem (qui sera assassin\u00e9 en Allemagne en 1970 par le r\u00e9gime de Boumedi\u00e8ne) et les autorit\u00e9s fran\u00e7aises.<br \/>Le nouveau pr\u00e9sident de l\u2019APN, qui appartient \u00e0 un parti islamiste microscopique ayant b\u00e9n\u00e9fici\u00e9 du soutien des partis de la majorit\u00e9 des d\u00e9put\u00e9s va-t-il acc\u00e9der \u00e0 cette demande ? Le projet de loi pourra-t-il \u00eatre relanc\u00e9 apr\u00e8s l\u2019\u00e9jection et l\u2019incarc\u00e9ration de ceux qui l\u2019ont bloqu\u00e9 m\u00eame si le FLN et le RND dominent toujours l\u2019Assembl\u00e9e ?<br \/>Le secr\u00e9taire g\u00e9n\u00e9ral de l\u2019ONM a insist\u00e9 sur la relance de ce projet en rappelant les atrocit\u00e9s que la France avait commises en Alg\u00e9rie entre 1830 et 1962.<br \/>Il demande une r\u00e9paration non seulement pour les biens mat\u00e9riels, mais aussi pour les victimes humaines de la colonisation.<br \/>Rappelons, enfin, que l\u2019ONM avait d\u00e9j\u00e0 appel\u00e9 \u00e0 la lib\u00e9ration du moudjahid Lakhdar Bourega\u00e2 et de tous les d\u00e9tenus d\u2019opinion et des jeunes incarc\u00e9r\u00e9s pour port du drapeau amazigh<br \/>K. A.<\/p>\n<p>Auteur:<br \/>\n<a href=\"https:\/\/www.lesoirdalgerie.com\/actualites\/lonm-demande-la-relance-du-projet-de-loi-criminalisant-le-colonialisme-27140\">Cliquez ici pour lire l&rsquo;article depuis sa source.<\/a><\/p>\n","protected":false},"excerpt":{"rendered":"<p>L\u2019Organisation nationale des moudjahidine (ONM) fait sa propre r\u00e9volution dans le sillage du mouvement populaire du 22 f\u00e9vrier. Parmi les organisations de masse utilis\u00e9es jadis par le pouvoir, elle a chang\u00e9 carr\u00e9ment sa ligne directrice, rompant ainsi avec ses anciennes habitudes qui consistaient \u00e0 se ranger automatiquement derri\u00e8re toutes les d\u00e9cisions des d\u00e9cideurs.Karim Aimeur &#8211; [&hellip;]<\/p>\n","protected":false},"author":1741,"featured_media":0,"comment_status":"closed","ping_status":"closed","sticky":false,"template":"","format":"standard","meta":{"fifu_image_url":"","fifu_image_alt":"","footnotes":""},"categories":[73,53],"tags":[],"class_list":["post-46565","post","type-post","status-publish","format-standard","hentry","category-actualite","category-algerie"],"_links":{"self":[{"href":"https:\/\/linitiative.ca\/International\/wp-json\/wp\/v2\/posts\/46565","targetHints":{"allow":["GET"]}}],"collection":[{"href":"https:\/\/linitiative.ca\/International\/wp-json\/wp\/v2\/posts"}],"about":[{"href":"https:\/\/linitiative.ca\/International\/wp-json\/wp\/v2\/types\/post"}],"author":[{"embeddable":true,"href":"https:\/\/linitiative.ca\/International\/wp-json\/wp\/v2\/users\/1741"}],"replies":[{"embeddable":true,"href":"https:\/\/linitiative.ca\/International\/wp-json\/wp\/v2\/comments?post=46565"}],"version-history":[{"count":0,"href":"https:\/\/linitiative.ca\/International\/wp-json\/wp\/v2\/posts\/46565\/revisions"}],"wp:attachment":[{"href":"https:\/\/linitiative.ca\/International\/wp-json\/wp\/v2\/media?parent=46565"}],"wp:term":[{"taxonomy":"category","embeddable":true,"href":"https:\/\/linitiative.ca\/International\/wp-json\/wp\/v2\/categories?post=46565"},{"taxonomy":"post_tag","embeddable":true,"href":"https:\/\/linitiative.ca\/International\/wp-json\/wp\/v2\/tags?post=46565"}],"curies":[{"name":"wp","href":"https:\/\/api.w.org\/{rel}","templated":true}]}}