{"id":46566,"date":"2019-07-16T06:00:00","date_gmt":"2019-07-16T10:00:00","guid":{"rendered":"https:\/\/linitiative.ca\/International\/les-membres-du-panel-bientot-connus\/"},"modified":"2019-07-16T06:00:00","modified_gmt":"2019-07-16T10:00:00","slug":"les-membres-du-panel-bientot-connus","status":"publish","type":"post","link":"https:\/\/linitiative.ca\/International\/les-membres-du-panel-bientot-connus\/","title":{"rendered":"Les membres du panel bient\u00f4t connus"},"content":{"rendered":"<p>Le chef de l\u2019Etat par int\u00e9rim est sur le point de pr\u00e9senter le groupe de personnalit\u00e9s nationales qui sera charg\u00e9 de conduire le processus de dialogue propos\u00e9 par les autorit\u00e9s.<br \/>Tarek Hafid &#8211; Alger (Le Soir) &#8211; L\u2019opinion publique et la classe politique devraient bient\u00f4t y voir plus clair, \u00e0 propos de la proposition de dialogue national du pouvoir. Cette initiative, la seconde depuis la d\u00e9mission forc\u00e9e d\u2019Abdelaziz Bouteflika, avait \u00e9t\u00e9 pr\u00e9sent\u00e9e le 3 juillet lors d\u2019un discours \u00e0 la Nation prononc\u00e9 par Abdelkader Bensalah.<br \/>\u00ab Il est devenu, aujourd\u2019hui, n\u00e9cessaire de mettre de c\u00f4t\u00e9 les calculs marginaux et les exigences irr\u00e9alistes qui sont de nature \u00e0 prolonger la situation actuelle et d\u2019entra\u00eener notre pays dans une situation de vide constitutionnel, source d\u2019incertitude et d\u2019instabilit\u00e9. Le processus de dialogue qui sera lanc\u00e9 incessamment sera conduit et men\u00e9, en toute libert\u00e9 et en toute transparence, par des personnalit\u00e9s nationales cr\u00e9dibles, ind\u00e9pendantes, sans affiliation partisane et sans ambition \u00e9lectorale.<br \/>Des personnalit\u00e9s qui \u00e9mergent du fait de leur autorit\u00e9 morale ou de leur l\u00e9gitimit\u00e9 historique, politique ou socioprofessionnelle, les rendant \u00e9ligibles \u00e0 l\u2019accomplissement de cette noble mission et qui seraient de nature \u00e0 les aider \u00e0 conduire et \u00e0 faciliter ce dialogue \u00bb, avait annonc\u00e9 Abdelkader Bensalah dans son intervention. Conscient de l\u2019\u00e9chec monumental provoqu\u00e9 par la premi\u00e8re initiative du chef de l\u2019Etat par int\u00e9rim \u2014 \u00e0 laquelle il n\u2019avait m\u00eame pas daign\u00e9 prendre part \u2014 le pouvoir semble prendre le temps n\u00e9cessaire et agit dans la plus totale confidentialit\u00e9.<br \/>Jointes ces derni\u00e8res 48 heures, des sources, ayant eu des contacts avec la pr\u00e9sidence de la R\u00e9publique, ont confirm\u00e9 l\u2019annonce, sous peu, de la composition du groupe de personnalit\u00e9s. \u00ab Le pouvoir poursuit les tractations, la composante est en train de se pr\u00e9ciser.<br \/>Le groupe est form\u00e9 de personnalit\u00e9s qui ont occup\u00e9 des postes de responsabilit\u00e9 mais dont la carri\u00e8re n\u2019est pas entach\u00e9e par des affaires de corruption ou la mauvaise gestion.<br \/>Ce sont des personnalit\u00e9s discr\u00e8tes et qui ne risquent pas d\u2019\u00eatre rejet\u00e9es par le mouvement populaire \u00bb, indique une de nos sources. Selon elle, les n\u00e9gociations sont \u00ab particuli\u00e8rement difficiles car les exigences des personnalit\u00e9s sont tr\u00e8s pr\u00e9cises, notamment en mati\u00e8re d\u2019ind\u00e9pendance.<br \/>Pour l\u2019heure, r\u00e9v\u00e9ler leur identit\u00e9 pourrait avoir des cons\u00e9quences n\u00e9fastes sur les tractations.\u00bb<br \/>Ind\u00e9pendance et confiance<br \/>La question de la libert\u00e9 d\u2019action de ces personnalit\u00e9s est centrale. C\u2019est leur capacit\u00e9 \u00e0 maintenir \u00e0 distance le pouvoir du processus de dialogue qui fera leur cr\u00e9dibilit\u00e9. Dans son discours, Bensalah avait insist\u00e9 sur la neutralit\u00e9 de l\u2019Etat et de ses institutions. \u00ab A cet \u00e9gard, et afin d\u2019\u00e9viter toute interpr\u00e9tation et de dissiper tout malentendu, l\u2019\u00c9tat, dans toute ses composantes, y compris l\u2019institution militaire, ne sera pas partie prenante \u00e0 ce dialogue et observera la plus stricte neutralit\u00e9 tout au long du d\u00e9roulement de ce processus. Il se contentera de mettre tous les moyens mat\u00e9riels et logistiques \u00e0 la disposition du panel de personnalit\u00e9s, qui d\u00e9cidera lui-m\u00eame des modalit\u00e9s de son fonctionnement .\u00bb<br \/>Dans un entretien accord\u00e9 samedi \u00e0 Radio France Internationale, Abdelaziz Rahabi, le coordinateur du Forum national pour le dialogue, qui s\u2019est tenu le 6 juillet \u00e0 A\u00efn Benian, a relev\u00e9 la n\u00e9cessit\u00e9 d\u2019instaurer un climat de confiance, comme pr\u00e9alable au lancement d\u2019un dialogue devant aboutir \u00e0 une \u00e9lection pr\u00e9sidentielle. \u00abIl faut, entre autres, la lib\u00e9ration de l\u2019audiovisuel public, la lev\u00e9e des entraves \u00e0 l\u2019exercice de la politique faite aux partis, l\u2019arr\u00eat des poursuites pour les d\u00e9lits d\u2019opinion et la lib\u00e9ration de certains jeunes pour des d\u00e9lits d\u2019opinion.<br \/>Les Alg\u00e9riens n\u2019iront pas voter aujourd\u2019hui. Les Alg\u00e9riens sont devenus plus exigeants, plus vigilants, il est difficile de r\u00e9tablir la confiance entre le pouvoir et les citoyens. Je suis conscient qu\u2019il y a une volont\u00e9 partag\u00e9e dans le discours politique officiel et de l\u2019opposition d\u2019aller vers une solution politique \u00bb, a-t-il soulign\u00e9.<br \/>Le pouvoir ira-t-il au bout de ses engagements ?<br \/>T. H.<\/p>\n<p>Auteur:<br \/>\n<a href=\"https:\/\/www.lesoirdalgerie.com\/actualites\/les-membres-du-panel-bientot-connus-27139\">Cliquez ici pour lire l&rsquo;article depuis sa source.<\/a><\/p>\n","protected":false},"excerpt":{"rendered":"<p>Le chef de l\u2019Etat par int\u00e9rim est sur le point de pr\u00e9senter le groupe de personnalit\u00e9s nationales qui sera charg\u00e9 de conduire le processus de dialogue propos\u00e9 par les autorit\u00e9s.Tarek Hafid &#8211; Alger (Le Soir) &#8211; L\u2019opinion publique et la classe politique devraient bient\u00f4t y voir plus clair, \u00e0 propos de la proposition de dialogue [&hellip;]<\/p>\n","protected":false},"author":1741,"featured_media":0,"comment_status":"closed","ping_status":"closed","sticky":false,"template":"","format":"standard","meta":{"fifu_image_url":"","fifu_image_alt":"","footnotes":""},"categories":[73,53],"tags":[],"class_list":["post-46566","post","type-post","status-publish","format-standard","hentry","category-actualite","category-algerie"],"_links":{"self":[{"href":"https:\/\/linitiative.ca\/International\/wp-json\/wp\/v2\/posts\/46566","targetHints":{"allow":["GET"]}}],"collection":[{"href":"https:\/\/linitiative.ca\/International\/wp-json\/wp\/v2\/posts"}],"about":[{"href":"https:\/\/linitiative.ca\/International\/wp-json\/wp\/v2\/types\/post"}],"author":[{"embeddable":true,"href":"https:\/\/linitiative.ca\/International\/wp-json\/wp\/v2\/users\/1741"}],"replies":[{"embeddable":true,"href":"https:\/\/linitiative.ca\/International\/wp-json\/wp\/v2\/comments?post=46566"}],"version-history":[{"count":0,"href":"https:\/\/linitiative.ca\/International\/wp-json\/wp\/v2\/posts\/46566\/revisions"}],"wp:attachment":[{"href":"https:\/\/linitiative.ca\/International\/wp-json\/wp\/v2\/media?parent=46566"}],"wp:term":[{"taxonomy":"category","embeddable":true,"href":"https:\/\/linitiative.ca\/International\/wp-json\/wp\/v2\/categories?post=46566"},{"taxonomy":"post_tag","embeddable":true,"href":"https:\/\/linitiative.ca\/International\/wp-json\/wp\/v2\/tags?post=46566"}],"curies":[{"name":"wp","href":"https:\/\/api.w.org\/{rel}","templated":true}]}}