{"id":46567,"date":"2019-07-16T06:00:00","date_gmt":"2019-07-16T10:00:00","guid":{"rendered":"https:\/\/linitiative.ca\/International\/leau-la-vie-la-can-et-le-reste\/"},"modified":"2019-07-16T06:00:00","modified_gmt":"2019-07-16T10:00:00","slug":"leau-la-vie-la-can-et-le-reste","status":"publish","type":"post","link":"https:\/\/linitiative.ca\/International\/leau-la-vie-la-can-et-le-reste\/","title":{"rendered":"L\u2019eau, la vie, la CAN et le reste"},"content":{"rendered":"<p class=\"c3\">Les coupures d\u2019eau \u00e0 Alger commencent \u00e0 s\u2019installer dans la \u00ab r\u00e9gularit\u00e9 \u00bb. On en parle non pas parce que c\u2019est nouveau, ce qui aurait fait une vraie information. Mais parce qu\u2019on pouvait tout de m\u00eame imaginer que les d\u00e9cideurs n\u2019allaient pas se permettre d\u2019ouvrir un autre front \u00e0 un moment o\u00f9 ils n\u2019en avaient pas besoin, et c\u2019est le moins qu\u2019on puisse dire. En plus, quand l\u2019eau se fait probl\u00e9matique en pleine capitale, il faut toujours imaginer ce que \u00e7a peut \u00eatre ailleurs, dans les autres villes et le pays profond. Jamais \u00e0 court de sarcasmes, les Alg\u00e9riens y sont encore all\u00e9s de bon c\u0153ur. Toute l\u2019eau du pays est dans les camions de la police en pr\u00e9vision des vendredis \u00e0 venir, disent certains. Ils ont am\u00e9nag\u00e9 trop de douches \u00e0 El-Harrach, encha\u00eenent les autres. \u00ab Leurs \u00bb piscines fonctionnent toujours, sinon plus que par le pass\u00e9, tellement ils transpirent, reprennent les plus inspir\u00e9s. Ils n\u2019ont pas le temps de s\u2019occuper de nos robinets, ils s\u2019occupent de nos manifestations, assurent les plus imaginatifs. Ils veulent encore nous d\u00e9tourner de l\u2019essentiel en nous cr\u00e9ant de faux probl\u00e8mes, concluent les plus perspicaces. Est-ce que l\u2019eau est un faux probl\u00e8me ? Bien \u00e9videmment, non, c\u2019est s\u00e9rieux, l\u2019eau, surtout en \u00e9t\u00e9. Et un pouvoir incapable d\u2019assurer de mettre de l\u2019eau dans les robinets dans un pays si g\u00e9n\u00e9reusement dot\u00e9 par la nature a encore plus de raisons de\u2026 d\u00e9gager. Parce qu\u2019en fait, elle est l\u00e0, la vraie actualit\u00e9. Apr\u00e8s l\u2019eau, il y a le foot. Est-ce que les Verts sont en train de gagner en s\u00e9duisant tout le monde ou font expr\u00e8s de\u2026 gagner pour sauver le pouvoir ou pour l\u2019enfoncer ? Allez savoir. En tout cas, pour les d\u00e9cideurs, la cause semble entendue. La lettre de Bensalah a \u00e9t\u00e9 lue 68 fois sur l\u2019ENTV et ce n\u2019est peut-\u00eatre pas termin\u00e9. Certainement r\u00e9dig\u00e9e dans la pr\u00e9cipitation, son contenu est d\u00e9cousu, ajoutant la difficult\u00e9 \u00e0 l\u2019embarras des journalistes pr\u00e9pos\u00e9s \u00e0 la r\u00e9citation. Pour la petite histoire, le r\u00e9dacteur a m\u00eame invent\u00e9 un mot qui n\u2019existe pas en arabe. D\u00e9j\u00e0 que le r\u00e9sultat dans ce genre d\u2019op\u00e9ration n\u2019\u00e9tait pas brillant quand on faisait un effort dans l\u2019\u00e9criture, on imagine ce que \u00e7a a donn\u00e9 maintenant\u2026 On pensait que le flop du \u00ab pont a\u00e9rien \u00bb pour Le Caire allait temp\u00e9rer les ardeurs du pouvoir mais ce n\u2019est manifestement pas le cas. On lit encore la lettre et on continue \u00e0 envoyer des avions. Les plus cyniques disent qu\u2019ils \u00ab ne sont pas rancuniers \u00bb !<\/p>\n<p class=\"c3\">Tellement \u00ab pas rancuniers \u00bb qu\u2019ils continuent \u00e0 faire ce qu\u2019ils&#8230; ont pr\u00e9vu de faire sans tenir compte de ce que leur disent les Alg\u00e9riens dans la rue chaque vendredi et entre deux vendredis. Dans la vraie vie, on leur demande de partir, dans le virtuel d\u2019une autre plan\u00e8te, ils pr\u00e9parent l\u2019\u00e9lection pr\u00e9sidentielle. Il n\u2019y a pas d\u2019eau mais il y a des manifestations, \u00ab ils \u00bb sont toujours l\u00e0 mais les Verts sont en finale de la CAN, ce qui est contradictoire. La vie est belle, selon le P\u00e9riscoop du Soir d\u2019Alg\u00e9rie, on recrute m\u00eame des informaticiens au Conseil constitutionnel, pour la pr\u00e9sidentielle.<br \/><em><strong>S. L.<\/strong><\/em><\/p>\n<p>Auteur:<br \/>\n<a href=\"https:\/\/www.lesoirdalgerie.com\/constances\/leau-la-vie-la-can-et-le-reste-27138\">Cliquez ici pour lire l&rsquo;article depuis sa source.<\/a><\/p>\n","protected":false},"excerpt":{"rendered":"<p>Les coupures d\u2019eau \u00e0 Alger commencent \u00e0 s\u2019installer dans la \u00ab r\u00e9gularit\u00e9 \u00bb. On en parle non pas parce que c\u2019est nouveau, ce qui aurait fait une vraie information. Mais parce qu\u2019on pouvait tout de m\u00eame imaginer que les d\u00e9cideurs n\u2019allaient pas se permettre d\u2019ouvrir un autre front \u00e0 un moment o\u00f9 ils n\u2019en avaient [&hellip;]<\/p>\n","protected":false},"author":1741,"featured_media":0,"comment_status":"closed","ping_status":"closed","sticky":false,"template":"","format":"standard","meta":{"fifu_image_url":"","fifu_image_alt":"","footnotes":""},"categories":[73,53],"tags":[],"class_list":["post-46567","post","type-post","status-publish","format-standard","hentry","category-actualite","category-algerie"],"_links":{"self":[{"href":"https:\/\/linitiative.ca\/International\/wp-json\/wp\/v2\/posts\/46567","targetHints":{"allow":["GET"]}}],"collection":[{"href":"https:\/\/linitiative.ca\/International\/wp-json\/wp\/v2\/posts"}],"about":[{"href":"https:\/\/linitiative.ca\/International\/wp-json\/wp\/v2\/types\/post"}],"author":[{"embeddable":true,"href":"https:\/\/linitiative.ca\/International\/wp-json\/wp\/v2\/users\/1741"}],"replies":[{"embeddable":true,"href":"https:\/\/linitiative.ca\/International\/wp-json\/wp\/v2\/comments?post=46567"}],"version-history":[{"count":0,"href":"https:\/\/linitiative.ca\/International\/wp-json\/wp\/v2\/posts\/46567\/revisions"}],"wp:attachment":[{"href":"https:\/\/linitiative.ca\/International\/wp-json\/wp\/v2\/media?parent=46567"}],"wp:term":[{"taxonomy":"category","embeddable":true,"href":"https:\/\/linitiative.ca\/International\/wp-json\/wp\/v2\/categories?post=46567"},{"taxonomy":"post_tag","embeddable":true,"href":"https:\/\/linitiative.ca\/International\/wp-json\/wp\/v2\/tags?post=46567"}],"curies":[{"name":"wp","href":"https:\/\/api.w.org\/{rel}","templated":true}]}}