{"id":46584,"date":"2019-07-16T03:48:43","date_gmt":"2019-07-16T07:48:43","guid":{"rendered":"https:\/\/linitiative.ca\/International\/optimisation-de-recettes-fiscales-les-epe-a-la-recherche-de-meilleures-strategies\/"},"modified":"2019-07-16T03:48:43","modified_gmt":"2019-07-16T07:48:43","slug":"optimisation-de-recettes-fiscales-les-epe-a-la-recherche-de-meilleures-strategies","status":"publish","type":"post","link":"https:\/\/linitiative.ca\/International\/optimisation-de-recettes-fiscales-les-epe-a-la-recherche-de-meilleures-strategies\/","title":{"rendered":"Optimisation de recettes fiscales : Les EPE \u00e0 la recherche  de meilleures strat\u00e9gies"},"content":{"rendered":"<div class=\"td-post-featured-image\" readability=\"36\"><a href=\"https:\/\/i0.wp.com\/www.sidwaya.info\/wp-content\/uploads\/2019\/07\/minefid.gif?fit=670%2C371&#038;ssl=1\" data-caption=\"Selon le SG du minist\u00e8re en charge de l\u2019\u00e9conomie, Seglaro Abel Som\u00e9, la conf\u00e9rence vise \u00e0 apporter des solutions aux difficult\u00e9s rencontr\u00e9es par les EPE dans la mise en \u0153uvre du Code des imp\u00f4ts de 2017.\"><img loading=\"lazy\" decoding=\"async\" width=\"670\" height=\"371\" class=\"entry-thumb td-modal-image\" src=\"https:\/\/i0.wp.com\/www.sidwaya.info\/wp-content\/uploads\/2019\/07\/minefid.gif?resize=670%2C371&#038;ssl=1\" alt=\"\" title=\"minefid\"\/><\/a>Selon le SG du minist\u00e8re en charge de l\u2019\u00e9conomie, Seglaro Abel Som\u00e9, la conf\u00e9rence vise \u00e0 apporter des solutions aux difficult\u00e9s rencontr\u00e9es par les EPE dans la mise en \u0153uvre du Code des imp\u00f4ts de 2017.<\/div>\n<p><strong>Les agents comptables des Etablissements publics de l\u2019Etat (EPE) organisent leur 20e conf\u00e9rence annuelle, du 15 au 17 juillet 2019, \u00e0 Ouagadougou, sous le th\u00e8me : \u00abL\u2019agent comptable et le r\u00e9gime fiscal burkinab\u00e8\u00bb.<\/strong><\/p>\n<p>Les Etablissements publics de l\u2019Etat (EPE) veulent jouer pleinement leur partition dans la mobilisation des ressources au profit du budget national. La r\u00e9alisation de cet objectif est au c\u0153ur de la 20e Conf\u00e9rence annuelle des agents comptables des EPE (CACEPE), qui se tient, du 15 au 17 juillet 2019, \u00e0 Ouagadougou, sous le th\u00e8me : \u00abL\u2019agent comptable et le r\u00e9gime fiscal burkinab\u00e8\u00bb.<\/p>\n<p>Le choix de ce th\u00e8me se justifie par le fait qu\u2019avec le code des imp\u00f4ts de 2017, les EPE sont soumis \u00e0 un certain nombre d\u2019imp\u00f4ts, notamment la TVA. Cependant, les agences comptables des Etablissement publics de l\u2019Etat rencontrent des difficult\u00e9s dans la mise en \u0153uvre de ces nouvelles dispositions fiscales.<\/p>\n<p><img loading=\"lazy\" decoding=\"async\" class=\"size-medium wp-image-10433\" src=\"https:\/\/i0.wp.com\/www.sidwaya.info\/wp-content\/uploads\/2019\/07\/minefid2.gif?resize=300%2C200&#038;ssl=1\" alt=\"\" width=\"300\" height=\"200\" srcset=\"https:\/\/i0.wp.com\/www.sidwaya.info\/wp-content\/uploads\/2019\/07\/minefid2.gif?resize=300%2C200&#038;ssl=1 300w, https:\/\/i0.wp.com\/www.sidwaya.info\/wp-content\/uploads\/2019\/07\/minefid2.gif?resize=696%2C464&#038;ssl=1 696w, https:\/\/i0.wp.com\/www.sidwaya.info\/wp-content\/uploads\/2019\/07\/minefid2.gif?resize=630%2C420&#038;ssl=1 630w\" sizes=\"auto, (max-width: 300px) 100vw, 300px\" data-recalc-dims=\"1\"\/>Les agents comptables seront outill\u00e9s \u00e0 l\u2019application de la TVA sur certaines prestations.<\/p>\n<p>A travers \u00e9changes et partages d\u2019exp\u00e9riences, cette conf\u00e9rence vise donc \u00e0 outiller les agents comptables \u00e0 la mise en \u0153uvre de cette nouvelle fiscalit\u00e9 qui s\u2019applique d\u00e9sormais aux EPE, a fait savoir le directeur du Tr\u00e9sor et de la comptabilit\u00e9 publique, C\u00e9lestin Sant\u00e9r\u00e9 Sanon. Elle va \u00e9galement permettre de corriger les insuffisances que rencontrent les EPE au niveau du recouvrement, de la gestion financi\u00e8re et comptable, de la gestion de la tr\u00e9sorerie, a-t-il ajout\u00e9.<\/p>\n<p>Au regard de l\u2019importance du th\u00e8me de la rencontre, le Secr\u00e9taire g\u00e9n\u00e9ral (SG) du minist\u00e8re de l\u2019Economie, des Finances et du D\u00e9veloppement, Seglaro Abel Som\u00e9, a invit\u00e9 les participants \u00e0 mener des r\u00e9flexions qui puissent permettre de cerner les diff\u00e9rents taxes et imp\u00f4ts auxquels sont soumis les EPE ainsi que les difficult\u00e9s auxquelles ils sont confront\u00e9s.<\/p>\n<p>Initi\u00e9e en 2000, la CACEPE se veut un v\u00e9ritable cadre de d\u00e9bats et d\u2019\u00e9changes sur les probl\u00e9matiques relatives \u00e0 l\u2019am\u00e9lioration de la gouvernance \u00e9conomique et financi\u00e8re des EPE, avec pour objectif l\u2019anticipation sur les difficult\u00e9s.<\/p>\n<p class=\"c1\"><strong>Mahamadi SEBOGO<\/strong><\/p>\n<p class=\"c1\">windmad76@gmail.com<\/p>\n<div class=\"td-a-rec td-a-rec-id-content_bottom td_uid_30_5d2e4529c938d_rand td_block_template_1\"><img loading=\"lazy\" decoding=\"async\" class=\"aligncenter size-full wp-image-9623\" src=\"https:\/\/www.sidwaya.info\/wp-content\/uploads\/2019\/06\/Projet-bannie%CC%80re-Orange-mobile.jpg\" alt=\"\" width=\"728\" height=\"81\"\/><\/div>\n<p>Auteur: JK. Sidwaya<br \/>\n<a href=\"https:\/\/www.sidwaya.info\/blog\/2019\/07\/16\/optimisation-de-recettes-fiscales-les-epe-a-la-recherche-de-meilleures-strategies\/\">Cliquez ici pour lire l&rsquo;article depuis sa source.<\/a><\/p>\n","protected":false},"excerpt":{"rendered":"<p>Selon le SG du minist\u00e8re en charge de l\u2019\u00e9conomie, Seglaro Abel Som\u00e9, la conf\u00e9rence vise \u00e0 apporter des solutions aux difficult\u00e9s rencontr\u00e9es par les EPE dans la mise en \u0153uvre du Code des imp\u00f4ts de 2017. Les agents comptables des Etablissements publics de l\u2019Etat (EPE) organisent leur 20e conf\u00e9rence annuelle, du 15 au 17 juillet [&hellip;]<\/p>\n","protected":false},"author":1816,"featured_media":0,"comment_status":"closed","ping_status":"closed","sticky":false,"template":"","format":"standard","meta":{"fifu_image_url":"","fifu_image_alt":"","footnotes":""},"categories":[73,81],"tags":[],"class_list":["post-46584","post","type-post","status-publish","format-standard","hentry","category-actualite","category-burkina-faso"],"_links":{"self":[{"href":"https:\/\/linitiative.ca\/International\/wp-json\/wp\/v2\/posts\/46584","targetHints":{"allow":["GET"]}}],"collection":[{"href":"https:\/\/linitiative.ca\/International\/wp-json\/wp\/v2\/posts"}],"about":[{"href":"https:\/\/linitiative.ca\/International\/wp-json\/wp\/v2\/types\/post"}],"author":[{"embeddable":true,"href":"https:\/\/linitiative.ca\/International\/wp-json\/wp\/v2\/users\/1816"}],"replies":[{"embeddable":true,"href":"https:\/\/linitiative.ca\/International\/wp-json\/wp\/v2\/comments?post=46584"}],"version-history":[{"count":0,"href":"https:\/\/linitiative.ca\/International\/wp-json\/wp\/v2\/posts\/46584\/revisions"}],"wp:attachment":[{"href":"https:\/\/linitiative.ca\/International\/wp-json\/wp\/v2\/media?parent=46584"}],"wp:term":[{"taxonomy":"category","embeddable":true,"href":"https:\/\/linitiative.ca\/International\/wp-json\/wp\/v2\/categories?post=46584"},{"taxonomy":"post_tag","embeddable":true,"href":"https:\/\/linitiative.ca\/International\/wp-json\/wp\/v2\/tags?post=46584"}],"curies":[{"name":"wp","href":"https:\/\/api.w.org\/{rel}","templated":true}]}}