{"id":46585,"date":"2019-07-16T04:00:11","date_gmt":"2019-07-16T08:00:11","guid":{"rendered":"https:\/\/linitiative.ca\/International\/activites-commemoratives-des-cent-ans-de-la-haute-volta-une-immersion-dans-lhistoire-de-la-boucle-du-mouhoun\/"},"modified":"2019-07-16T04:00:11","modified_gmt":"2019-07-16T08:00:11","slug":"activites-commemoratives-des-cent-ans-de-la-haute-volta-une-immersion-dans-lhistoire-de-la-boucle-du-mouhoun","status":"publish","type":"post","link":"https:\/\/linitiative.ca\/International\/activites-commemoratives-des-cent-ans-de-la-haute-volta-une-immersion-dans-lhistoire-de-la-boucle-du-mouhoun\/","title":{"rendered":"Activit\u00e9s comm\u00e9moratives des cent ans de la Haute-Volta:  Une immersion dans l\u2019histoire  de la Boucle du Mouhoun"},"content":{"rendered":"<div class=\"td-post-featured-image\" readability=\"33\"><a href=\"https:\/\/i2.wp.com\/www.sidwaya.info\/wp-content\/uploads\/2019\/07\/immersion.gif?fit=787%2C395&#038;ssl=1\" data-caption=\"Le public de la salle polyvalente de D\u00e9dougou a visit\u00e9 et revisit\u00e9 l\u2019histoire de la Boucle du Mouhoun au cours de cette conf\u00e9rence.\"><img loading=\"lazy\" decoding=\"async\" width=\"696\" height=\"349\" class=\"entry-thumb td-modal-image\" src=\"https:\/\/i2.wp.com\/www.sidwaya.info\/wp-content\/uploads\/2019\/07\/immersion.gif?resize=696%2C349&#038;ssl=1\" alt=\"\" title=\"immersion\"\/><\/a>Le public de la salle polyvalente de D\u00e9dougou a visit\u00e9 et revisit\u00e9 l\u2019histoire de la Boucle du Mouhoun au cours de cette conf\u00e9rence.<\/div>\n<p><strong>Le secr\u00e9tariat permanent de l\u2019organisation de la f\u00eate nationale du 11-D\u00e9cembre a organis\u00e9 le samedi 13 juillet 2019 \u00e0 D\u00e9dougou, une conf\u00e9rence publique sur l\u2019histoire et les potentialit\u00e9s \u00e9conomiques de la Boucle du Mouhoun dans le cadre de la comm\u00e9moration des cent ans de la Haute-Volta. T\u00f4t le matin, c\u2019est un cross populaire qui a marqu\u00e9 le d\u00e9marrage des activit\u00e9s.<\/strong><\/p>\n<p>Lanc\u00e9es en avril 2019 \u00e0 Kaya dans la r\u00e9gion du Centre-Nord, les conf\u00e9rences r\u00e9gionales sur le centenaire du Burkina Faso \u00e9taient \u00e0 leur sixi\u00e8me \u00e9tape, ce samedi 13 juillet 2019, \u00e0 D\u00e9dougou, dans la Boucle du Mouhoun. \u00abDe la cr\u00e9ation de la Haute-Volta \u00e0 la construction de l\u2019Etat-Nation burkinab\u00e8\u00a0: le\u00e7ons et d\u00e9fis\u00bb, c\u2019est sous ce th\u00e8me que se tiennent ces conf\u00e9rences publiques dans les treize (13) r\u00e9gions du pays, \u00e0 la faveur de la comm\u00e9moration des cent ans de la Haute-Volta, aujourd\u2019hui Burkina Faso.<\/p>\n<p>\u00abLe secr\u00e9tariat permanent de l\u2019organisation de la f\u00eate nationale du 11- D\u00e9cembre a \u00e9t\u00e9 instruit par le gouvernement, d\u2019organiser ces conf\u00e9rences sur le centenaire, afin de faire d\u00e9couvrir ou red\u00e9couvrir l\u2019histoire de notre pays\u00bb, a justifi\u00e9 le secr\u00e9taire permanent de l\u2019organisation de la f\u00eate nationale du 11-D\u00e9cembre, Khalil Bara. Ecrite par des acteurs qui ne sont pas forc\u00e9ment des Burkinab\u00e8, l\u2019histoire du Burkina faso, poursuit Khalil Bara, m\u00e9rite d\u2019\u00eatre appropri\u00e9e par le peuple burkinab\u00e8, surtout par la nouvelle g\u00e9n\u00e9ration.<\/p>\n<p>Ainsi, ces conf\u00e9rences, a-t-il indiqu\u00e9, permettront de faire une compilation des diff\u00e9rents th\u00e8mes qui seront d\u00e9velopp\u00e9s, afin d\u2019avoir une histoire authentique. Plus qu\u2019un fait historique, la comm\u00e9moration des cent bougies de la Haute-Volta souffl\u00e9es le 1er mars 2019, selon le gouverneur de la Boucle du Mouhoun, Edgard Si\u00e9 Sou, est un devoir qui doit entra\u00eener une prise de conscience, dans le but d\u2019\u0153uvrer pour la coh\u00e9sion sociale de l\u2019ensemble des filles et fils, la stabilit\u00e9 et le progr\u00e8s durable.<\/p>\n<p>B\u00e2tir l\u2019Etat-Nation A D\u00e9dougou, pendant plus de deux heures, d\u2019imminentes personnalit\u00e9s ont tenu en haleine le public qui a fait le d\u00e9placement de la salle polyvalente de la cit\u00e9 de Bankuy sur l\u2019histoire du \u00abgrenier du Burkina\u00bb et sur ses potentialit\u00e9s \u00e9conomiques. \u00abApr\u00e8s le colloque sur les cent ans du Burkina Faso, il a \u00e9t\u00e9 jug\u00e9 utile d\u2019aller dans les r\u00e9gions pour permettre aux uns et aux autres de d\u00e9couvrir l\u2019histoire de leur r\u00e9gion.<\/p>\n<p><img loading=\"lazy\" decoding=\"async\" class=\"size-medium wp-image-10441\" src=\"https:\/\/i0.wp.com\/www.sidwaya.info\/wp-content\/uploads\/2019\/07\/immersion2-1.gif?resize=300%2C190&#038;ssl=1\" alt=\"\" width=\"300\" height=\"190\" data-recalc-dims=\"1\"\/>Plus qu\u2019un fait historique, le centenaire de la Haute-Volta, selon le gouverneur Edgard Si\u00e9 Sou doit permettre \u00abune prise de conscience, d\u2019\u0153uvrer pour la coh\u00e9sion sociale de l\u2019ensemble des filles et fils, de la stabilit\u00e9 et du progr\u00e8s durable\u00bb.<\/p>\n<p>Pour ce qui est de l\u2019\u00e9tape de D\u00e9dougou, il s\u2019agira de faire un cours d\u2019histoire sur la r\u00e9gion de la Boucle du Mouhoun, afin de permettre \u00e0 l\u2019ensemble de cette partie du Burkina faso de s\u2019approprier leur histoire. Ensuite, une seconde communication sur les potentialit\u00e9s \u00e9conomiques dont la r\u00e9gion dispose pour se d\u00e9velopper\u00bb, a rappel\u00e9 Magloire Som\u00e9, professeur d\u2019histoire contemporaine \u00e0 l\u2019universit\u00e9 Joseph-Ki-Zerbo.<\/p>\n<p>D\u2019un c\u00f4t\u00e9, pour le professeur d\u2019histoire contemporaine, par ailleurs conseiller sp\u00e9cial du Premier ministre, ces conf\u00e9rences mettent l\u2019accent sur l\u2019histoire et la coh\u00e9sion sociale, et de l\u2019autre c\u00f4t\u00e9 sur les potentialit\u00e9s \u00e9conomiques pour amener les populations \u00e0 prendre conscience qu\u2019elles peuvent se baser sur ces potentialit\u00e9s pour b\u00e2tir l\u2019Etat-Nation. C\u2019est pourquoi le secr\u00e9taire permanent de l\u2019organisation de la f\u00eate nationale du 11-D\u00e9cembre a invit\u00e9 les participants de D\u00e9dougou, surtout la frange jeune, \u00e0 faire sienne l\u2019histoire de la Boucle du Mouhoun.<\/p>\n<p>Avant de rejoindre la salle polyvalente de D\u00e9dougou pour cette conf\u00e9rence, le comit\u00e9 d\u2019organisation des activit\u00e9s comm\u00e9moratives du centenaire de la Haute-Volta a invit\u00e9 t\u00f4t le matin, la population de D\u00e9dougou sur le terrain du sport pour un cross populaire qui a conduit les sportifs d\u2019une matin\u00e9e, a permis aux conf\u00e9renciers, selon le gouverneur Edgard Si\u00e9 Sou, de se mettre en jambe et d\u2019\u00eatre de bonne humeur pour suivre les diff\u00e9rentes communications. Un circuit d\u2019environ quatre kilom\u00e8tres suivi d\u2019une s\u00e9ance d\u2019a\u00e9robic a permis aux D\u00e9doulais d\u2019apporter leur touche aux activit\u00e9s comm\u00e9moratives des cent ans de la Haute-Volta.<\/p>\n<p class=\"c1\"><strong>Kam\u00e9l\u00e9 FAYAMA<\/strong><\/p>\n<div class=\"td-a-rec td-a-rec-id-content_bottom td_uid_30_5d2e452ca5eff_rand td_block_template_1\"><img loading=\"lazy\" decoding=\"async\" class=\"aligncenter size-full wp-image-9623\" src=\"https:\/\/www.sidwaya.info\/wp-content\/uploads\/2019\/06\/Projet-bannie%CC%80re-Orange-mobile.jpg\" alt=\"\" width=\"728\" height=\"81\"\/><\/div>\n<p>Auteur: JK. Sidwaya<br \/>\n<a href=\"https:\/\/www.sidwaya.info\/blog\/2019\/07\/16\/activites-commemoratives-des-cent-ans-de-la-haute-volta-une-immersion-dans-lhistoire-de-la-boucle-du-mouhoun\/\">Cliquez ici pour lire l&rsquo;article depuis sa source.<\/a><\/p>\n","protected":false},"excerpt":{"rendered":"<p>Le public de la salle polyvalente de D\u00e9dougou a visit\u00e9 et revisit\u00e9 l\u2019histoire de la Boucle du Mouhoun au cours de cette conf\u00e9rence. Le secr\u00e9tariat permanent de l\u2019organisation de la f\u00eate nationale du 11-D\u00e9cembre a organis\u00e9 le samedi 13 juillet 2019 \u00e0 D\u00e9dougou, une conf\u00e9rence publique sur l\u2019histoire et les potentialit\u00e9s \u00e9conomiques de la Boucle [&hellip;]<\/p>\n","protected":false},"author":1816,"featured_media":0,"comment_status":"closed","ping_status":"closed","sticky":false,"template":"","format":"standard","meta":{"fifu_image_url":"","fifu_image_alt":"","footnotes":""},"categories":[73,81],"tags":[],"class_list":["post-46585","post","type-post","status-publish","format-standard","hentry","category-actualite","category-burkina-faso"],"_links":{"self":[{"href":"https:\/\/linitiative.ca\/International\/wp-json\/wp\/v2\/posts\/46585","targetHints":{"allow":["GET"]}}],"collection":[{"href":"https:\/\/linitiative.ca\/International\/wp-json\/wp\/v2\/posts"}],"about":[{"href":"https:\/\/linitiative.ca\/International\/wp-json\/wp\/v2\/types\/post"}],"author":[{"embeddable":true,"href":"https:\/\/linitiative.ca\/International\/wp-json\/wp\/v2\/users\/1816"}],"replies":[{"embeddable":true,"href":"https:\/\/linitiative.ca\/International\/wp-json\/wp\/v2\/comments?post=46585"}],"version-history":[{"count":0,"href":"https:\/\/linitiative.ca\/International\/wp-json\/wp\/v2\/posts\/46585\/revisions"}],"wp:attachment":[{"href":"https:\/\/linitiative.ca\/International\/wp-json\/wp\/v2\/media?parent=46585"}],"wp:term":[{"taxonomy":"category","embeddable":true,"href":"https:\/\/linitiative.ca\/International\/wp-json\/wp\/v2\/categories?post=46585"},{"taxonomy":"post_tag","embeddable":true,"href":"https:\/\/linitiative.ca\/International\/wp-json\/wp\/v2\/tags?post=46585"}],"curies":[{"name":"wp","href":"https:\/\/api.w.org\/{rel}","templated":true}]}}