{"id":46586,"date":"2019-07-16T04:11:21","date_gmt":"2019-07-16T08:11:21","guid":{"rendered":"https:\/\/linitiative.ca\/International\/rocade-sud-est-du-boulevard-tansoba-roch-marc-christian-kabore-lance-les-travaux-de-rehabilitation\/"},"modified":"2019-07-16T04:11:21","modified_gmt":"2019-07-16T08:11:21","slug":"rocade-sud-est-du-boulevard-tansoba-roch-marc-christian-kabore-lance-les-travaux-de-rehabilitation","status":"publish","type":"post","link":"https:\/\/linitiative.ca\/International\/rocade-sud-est-du-boulevard-tansoba-roch-marc-christian-kabore-lance-les-travaux-de-rehabilitation\/","title":{"rendered":"Rocade Sud-Est du boulevard-Tansoba : Roch Marc Christian Kabor\u00e9 lance les travaux de r\u00e9habilitation"},"content":{"rendered":"<div class=\"td-post-featured-image\" readability=\"33\"><a href=\"https:\/\/i1.wp.com\/www.sidwaya.info\/wp-content\/uploads\/2019\/07\/travaux.gif?fit=690%2C395&#038;ssl=1\" data-caption=\"Illustration \/archives : le pr\u00e9sident du Faso lan\u00e7ant des travaux d\u2019entretien routier le 25 octobre 2016.\"><img loading=\"lazy\" decoding=\"async\" width=\"690\" height=\"395\" class=\"entry-thumb td-modal-image\" src=\"https:\/\/i1.wp.com\/www.sidwaya.info\/wp-content\/uploads\/2019\/07\/travaux.gif?resize=690%2C395&#038;ssl=1\" alt=\"\" title=\"travaux\"\/><\/a>Illustration \/archives : le pr\u00e9sident du Faso lan\u00e7ant des travaux d\u2019entretien routier le 25 octobre 2016.<\/div>\n<p><strong>Le Pr\u00e9sident du Faso, Roch Marc Christian Kabor\u00e9, pr\u00e9side ce mardi 16 juillet 2019, la c\u00e9r\u00e9monie de lancement des travaux de r\u00e9habilitation et d\u2019am\u00e9lioration de la Rocade Sud-Est du boulevard des Tansoba \u00e0 Ouagadougou.<\/strong><\/p>\n<p>Long de plus de 6 kilom\u00e8tres, le tron\u00e7on du boulevard qui relie l\u2019\u00e9changeur de l\u2019Est et celui de Ouaga 2000, va faire peau neuve et contribuer \u00e0 l\u2019am\u00e9lioration des conditions de circulation des habitants de la ville de Ouagadougou. La r\u00e9alisation du projet est financ\u00e9e par un don accord\u00e9 par l\u2019Etat japonais pour un montant de plus de trente milliards de francs CFA, avec un d\u00e9lai d\u2019ex\u00e9cution de trente-six (36) mois. La r\u00e9habilitation s\u2019inscrit dans le cadre de la mise en \u0153uvre-Plan national de d\u00e9veloppement \u00e9conomique et social (PNDES) dans lequel le pr\u00e9sident du Faso a inscrit le d\u00e9veloppement des infrastructures routi\u00e8res au rang des priorit\u00e9s.<\/p>\n<p class=\"c1\"><strong>Direction de la communication de la Pr\u00e9sidence du Faso<\/strong><\/p>\n<div class=\"td-a-rec td-a-rec-id-content_bottom td_uid_30_5d2e452fd6939_rand td_block_template_1\"><img loading=\"lazy\" decoding=\"async\" class=\"aligncenter size-full wp-image-9623\" src=\"https:\/\/www.sidwaya.info\/wp-content\/uploads\/2019\/06\/Projet-bannie%CC%80re-Orange-mobile.jpg\" alt=\"\" width=\"728\" height=\"81\"\/><\/div>\n<p>Auteur: JK. Sidwaya<br \/>\n<a href=\"https:\/\/www.sidwaya.info\/blog\/2019\/07\/16\/rocade-sud-est-du-boulevard-tansoba-roch-marc-christian-kabore-lance-les-travaux-de-rehabilitation\/\">Cliquez ici pour lire l&rsquo;article depuis sa source.<\/a><\/p>\n","protected":false},"excerpt":{"rendered":"<p>Illustration \/archives : le pr\u00e9sident du Faso lan\u00e7ant des travaux d\u2019entretien routier le 25 octobre 2016. Le Pr\u00e9sident du Faso, Roch Marc Christian Kabor\u00e9, pr\u00e9side ce mardi 16 juillet 2019, la c\u00e9r\u00e9monie de lancement des travaux de r\u00e9habilitation et d\u2019am\u00e9lioration de la Rocade Sud-Est du boulevard des Tansoba \u00e0 Ouagadougou. Long de plus de 6 [&hellip;]<\/p>\n","protected":false},"author":1816,"featured_media":0,"comment_status":"closed","ping_status":"closed","sticky":false,"template":"","format":"standard","meta":{"fifu_image_url":"","fifu_image_alt":"","footnotes":""},"categories":[73,81],"tags":[],"class_list":["post-46586","post","type-post","status-publish","format-standard","hentry","category-actualite","category-burkina-faso"],"_links":{"self":[{"href":"https:\/\/linitiative.ca\/International\/wp-json\/wp\/v2\/posts\/46586","targetHints":{"allow":["GET"]}}],"collection":[{"href":"https:\/\/linitiative.ca\/International\/wp-json\/wp\/v2\/posts"}],"about":[{"href":"https:\/\/linitiative.ca\/International\/wp-json\/wp\/v2\/types\/post"}],"author":[{"embeddable":true,"href":"https:\/\/linitiative.ca\/International\/wp-json\/wp\/v2\/users\/1816"}],"replies":[{"embeddable":true,"href":"https:\/\/linitiative.ca\/International\/wp-json\/wp\/v2\/comments?post=46586"}],"version-history":[{"count":0,"href":"https:\/\/linitiative.ca\/International\/wp-json\/wp\/v2\/posts\/46586\/revisions"}],"wp:attachment":[{"href":"https:\/\/linitiative.ca\/International\/wp-json\/wp\/v2\/media?parent=46586"}],"wp:term":[{"taxonomy":"category","embeddable":true,"href":"https:\/\/linitiative.ca\/International\/wp-json\/wp\/v2\/categories?post=46586"},{"taxonomy":"post_tag","embeddable":true,"href":"https:\/\/linitiative.ca\/International\/wp-json\/wp\/v2\/tags?post=46586"}],"curies":[{"name":"wp","href":"https:\/\/api.w.org\/{rel}","templated":true}]}}