{"id":46587,"date":"2019-07-16T04:20:56","date_gmt":"2019-07-16T08:20:56","guid":{"rendered":"https:\/\/linitiative.ca\/International\/lacher-des-moustiques-ogm-les-humains-en-souffriront-wendyeghabnoma-kabore\/"},"modified":"2019-07-16T04:20:56","modified_gmt":"2019-07-16T08:20:56","slug":"lacher-des-moustiques-ogm-les-humains-en-souffriront-wendyeghabnoma-kabore","status":"publish","type":"post","link":"https:\/\/linitiative.ca\/International\/lacher-des-moustiques-ogm-les-humains-en-souffriront-wendyeghabnoma-kabore\/","title":{"rendered":"L\u00e2cher des moustiques OGM : \u00abLes humains en souffriront\u00bb, Wendyeghabnoma Kabor\u00e9"},"content":{"rendered":"<div class=\"td-post-featured-image\"><a href=\"https:\/\/i2.wp.com\/www.sidwaya.info\/wp-content\/uploads\/2019\/07\/artemisia.gif?fit=590%2C556&#038;ssl=1\" data-caption=\"\"><img loading=\"lazy\" decoding=\"async\" width=\"590\" height=\"556\" class=\"entry-thumb td-modal-image\" src=\"https:\/\/i2.wp.com\/www.sidwaya.info\/wp-content\/uploads\/2019\/07\/artemisia.gif?resize=590%2C556&#038;ssl=1\" alt=\"\" title=\"artemisia\"\/><\/a><\/div>\n<p><strong>Dans le cadre du projet Target Malaria qui se d\u00e9roule au Burkina Faso, il a \u00e9t\u00e9 proc\u00e9d\u00e9 au premier l\u00e2cher de moustiques OGM, le 1er juillet dans le village de Bana, village situ\u00e9 \u00e0 quelques kilom\u00e8tres de Bobo-Dioulasso. Sidwaya a rencontr\u00e9 Wendyeghabnoma Kabor\u00e9. Il est Juriste-agro\u00e9cologiste de formation et entrepreneur agricole de profession. Il donne son opinion sur cette question.<\/strong><\/p>\n<p><strong>Sidwaya (S.)\u00a0:<\/strong> <strong>Les responsables du projet Target Malaria ont l\u00e2ch\u00e9 6400 moustiques g\u00e9n\u00e9tiquement modifi\u00e9s pour une premi\u00e8re phase dans le village de Bana. Quelle appr\u00e9ciation faites-vous\u00a0?<\/strong><\/p>\n<p><strong>Wendyeghabnoma Kabor\u00e9 (W.K.) :<\/strong> J\u2019encourage les recherches \u00e0 caract\u00e8re scientifique. Mais en ce qui me concerne, je ne partage pas le m\u00eame avis que les responsables du projet Target Malaria, qui ont l\u00e2ch\u00e9 des moustiques OGM dont on ignore encore les cons\u00e9quences \u00e0 long terme. Je me pr\u00e9parais pour exploiter ma ferme \u00e0 Bana ces vacances. A ma grande surprise, c\u2019est ce village qui a \u00e9t\u00e9 choisi pour la premi\u00e8re phase du l\u00e2chage des moustiques. J\u2019ai purement et simplement abandonn\u00e9 ma ferme, car je ne voudrais pas faire partie des premiers cobayes.<\/p>\n<p><strong>S.\u00a0: Mais pour les pro moustiques OGM, les m\u00e9thodes traditionnelles de lutte contre le paludisme (moustiquaires et pulv\u00e9risation intra domiciliaire) s\u2019av\u00e8rent d\u00e9sormais inefficace face \u00e0 la r\u00e9sistance des moustiques. D\u2019o\u00f9 cette option des moustiques OGM\u2026<\/strong><\/p>\n<p><strong>W. K.\u00a0:<\/strong> Je partage le m\u00eame avis que les pro moustiques OGM sur le fait que les m\u00e9thodes traditionnelles de lutte contre le paludisme s\u2019av\u00e8rent inefficaces face \u00e0 la r\u00e9sistance des moustiques, mais je ne suis pas cette option. Nul n\u2019ignore que lesdites m\u00e9thodes traditionnelles sont inefficaces. Par exemple, les m\u00e9dicaments (quinine, ACT, Malarone\u2026) entra\u00eenent des r\u00e9sistances et des effets secondaires importants. Ils ne peuvent pas \u00eatre pris en continue. Leur accessibilit\u00e9 est difficile, leur prix \u00e9lev\u00e9, et des faux m\u00e9dicaments sont en circulation. Quant aux moustiquaires imbib\u00e9es d\u2019insecticides (ITN), les moustiques sont devenus rapidement r\u00e9sistants \u00e0 l\u2019insecticide utilis\u00e9 (les pyrethro\u00efdes) qui peuvent aussi entra\u00eener des probl\u00e8mes de sant\u00e9. A la place des moustiques OGM, j\u2019allais proposer l\u2019utilisation de la tisane de l\u2019Artemisia (la vari\u00e9t\u00e9 Annua d\u2019origine chinoise et celle Afra d\u2019origine africaine) qui est une plante qui gu\u00e9rit le paludisme. On peut prendre ladite tisane \u00e0 titre pr\u00e9ventif comme \u00e0 titre curatif et associer les autres m\u00e9thodes de lutte contre le paludisme. L\u2019Artemisia fait partie des ast\u00e9rac\u00e9es qui sont utilis\u00e9es depuis des si\u00e8cles en Chine et en Afrique. Il existe plus de 200 principes actifs dont phytost\u00e9rols, flavono\u00efdes, huiles essentielles, art\u00e9misinine (dans l\u2019Annua), arginine, galium\u2026 Il n\u2019a aucune toxicit\u00e9, aucun effet secondaire not\u00e9 \u00e0 ce jour\u00a0et aucune r\u00e9sistance apparue malgr\u00e9 des si\u00e8cles d\u2019utilisation. Les preuves de leur (Artemisia Annua et Afra) efficacit\u00e9 ne sont plus \u00e0 d\u00e9montrer. A titre illustratif, en fin 2015, J\u00e9r\u00f4me Munyangi, Michel Idumbo, Lucile Cornet-Vernet et Pierre Lutgen\u00a0ont r\u00e9alis\u00e9 un essai clinique randomis\u00e9 double aveugle pour v\u00e9rifier l\u2019efficacit\u00e9 de l\u2019Artemisia annua et afra contre les ACT sur 1000 patients au Maniema en RDC. Les r\u00e9sultats \u00e9taient concluants car ceux qui \u00e9taient sous Artemisia ont enregistr\u00e9 un taux de gu\u00e9rison parasitaire de 99,5% contre 79,5% pour les ACT.<\/p>\n<p><strong>S.\u00a0: En d\u00e9pit de tout cela, les autorit\u00e9s a tout de m\u00eame autoris\u00e9 le l\u00e2chage. Est-ce que vous \u00eates d\u00e9\u00e7us de cette d\u00e9cision\u00a0?<\/strong><\/p>\n<p><strong>W. K.\u00a0:<\/strong> Je ne voudrais pas me prononcer sur nos gouvernants. Tout d\u00e9pend de ce que les responsables du projet Target leur ont donn\u00e9 comme \u00e9l\u00e9ments convaincants. Etant donn\u00e9 que nos gouvernants cherchent des solutions idoines pour lutter contre le paludisme, ils sont ouverts \u00e0 toute proposition ou m\u00e9thodes pouvant \u00e9radiquer cette maladie infectieuse qu\u2019est le paludisme. Mais ils doivent se comporter en bon p\u00e8re de famille. Ne pas prendre pour argent comptant tout ce qui vient d\u2019ailleurs. La soci\u00e9t\u00e9 civile a men\u00e9 des luttes certes pour contrer la d\u00e9cision du l\u00e2chage des moustiques OGM, mais je trouve qu\u2019elle aurait d\u00fb maintenir sa position de fa\u00e7on ferme pour faire fl\u00e9chir ladite d\u00e9cision. Mais h\u00e9las\u00a0!<\/p>\n<p><strong>S.\u00a0: Quelle garantie de s\u00e9curit\u00e9 l\u2019Etat devrait donner aux populations avant toute l\u00e2ch\u00e9e\u00a0?<\/strong><\/p>\n<p><strong>W. K.\u00a0:<\/strong> Parler de garantie me para\u00eet un peu difficile. Je pense qu\u2019il fallait dire la v\u00e9rit\u00e9 aux populations, surtout \u00e0 la base. Ce que je vais dire vous para\u00eetra peut-\u00eatre absurde, mais il y a des personnes du troisi\u00e8me \u00e2ge vivant dans les villages, n\u2019ayant pas fait l\u2019\u00e9cole, mais ma\u00eetrisant les enjeux de l\u2019\u00e9cosyst\u00e8me. Il fallait \u00e9changer avec toutes ces personnes.<\/p>\n<p><strong>S.\u00a0: Doit-on craindre pour des cons\u00e9quences \u00e0 l\u2019avenir\u00a0?<\/strong><\/p>\n<p><strong>W. K.\u00a0:<\/strong> Sinc\u00e8rement, j\u2019ai peur des cons\u00e9quences futures. Il y aura forc\u00e9ment un d\u00e9s\u00e9quilibre de l\u2019\u00e9cosyst\u00e8me, et les humains en souffriront. Peut-\u00eatre que cela n\u2019arrivera pas maintenant, mais qui sait dans dix, cinquante ans, voire plus\u00a0? J\u2019aimerais qu\u2019on retienne ceci\u00a0: quand on pose un acte aujourd\u2019hui, il faudra penser aux g\u00e9n\u00e9rations \u00e0 venir. Ne condamnons pas les g\u00e9n\u00e9rations futures.<\/p>\n<p><strong>Entretien r\u00e9alis\u00e9 par Gaspard BAYALA<\/strong><\/p>\n<div class=\"td-a-rec td-a-rec-id-content_bottom td_uid_30_5d2e4532eb1e5_rand td_block_template_1\"><img loading=\"lazy\" decoding=\"async\" class=\"aligncenter size-full wp-image-9623\" src=\"https:\/\/www.sidwaya.info\/wp-content\/uploads\/2019\/06\/Projet-bannie%CC%80re-Orange-mobile.jpg\" alt=\"\" width=\"728\" height=\"81\"\/><\/div>\n<p>Auteur: JK. Sidwaya<br \/>\n<a href=\"https:\/\/www.sidwaya.info\/blog\/2019\/07\/16\/lacher-des-moustiques-ogm-les-humains-en-souffriront-wendyeghabnoma-kabore\/\">Cliquez ici pour lire l&rsquo;article depuis sa source.<\/a><\/p>\n","protected":false},"excerpt":{"rendered":"<p>Dans le cadre du projet Target Malaria qui se d\u00e9roule au Burkina Faso, il a \u00e9t\u00e9 proc\u00e9d\u00e9 au premier l\u00e2cher de moustiques OGM, le 1er juillet dans le village de Bana, village situ\u00e9 \u00e0 quelques kilom\u00e8tres de Bobo-Dioulasso. Sidwaya a rencontr\u00e9 Wendyeghabnoma Kabor\u00e9. Il est Juriste-agro\u00e9cologiste de formation et entrepreneur agricole de profession. Il donne [&hellip;]<\/p>\n","protected":false},"author":1816,"featured_media":0,"comment_status":"closed","ping_status":"closed","sticky":false,"template":"","format":"standard","meta":{"fifu_image_url":"","fifu_image_alt":"","footnotes":""},"categories":[73,81],"tags":[],"class_list":["post-46587","post","type-post","status-publish","format-standard","hentry","category-actualite","category-burkina-faso"],"_links":{"self":[{"href":"https:\/\/linitiative.ca\/International\/wp-json\/wp\/v2\/posts\/46587","targetHints":{"allow":["GET"]}}],"collection":[{"href":"https:\/\/linitiative.ca\/International\/wp-json\/wp\/v2\/posts"}],"about":[{"href":"https:\/\/linitiative.ca\/International\/wp-json\/wp\/v2\/types\/post"}],"author":[{"embeddable":true,"href":"https:\/\/linitiative.ca\/International\/wp-json\/wp\/v2\/users\/1816"}],"replies":[{"embeddable":true,"href":"https:\/\/linitiative.ca\/International\/wp-json\/wp\/v2\/comments?post=46587"}],"version-history":[{"count":0,"href":"https:\/\/linitiative.ca\/International\/wp-json\/wp\/v2\/posts\/46587\/revisions"}],"wp:attachment":[{"href":"https:\/\/linitiative.ca\/International\/wp-json\/wp\/v2\/media?parent=46587"}],"wp:term":[{"taxonomy":"category","embeddable":true,"href":"https:\/\/linitiative.ca\/International\/wp-json\/wp\/v2\/categories?post=46587"},{"taxonomy":"post_tag","embeddable":true,"href":"https:\/\/linitiative.ca\/International\/wp-json\/wp\/v2\/tags?post=46587"}],"curies":[{"name":"wp","href":"https:\/\/api.w.org\/{rel}","templated":true}]}}