{"id":46594,"date":"2019-07-16T16:18:07","date_gmt":"2019-07-16T20:18:07","guid":{"rendered":"https:\/\/linitiative.ca\/International\/le-rwanda-decide-douvrir-une-ambassade-au-maroc\/"},"modified":"2019-07-16T16:18:07","modified_gmt":"2019-07-16T20:18:07","slug":"le-rwanda-decide-douvrir-une-ambassade-au-maroc","status":"publish","type":"post","link":"https:\/\/linitiative.ca\/International\/le-rwanda-decide-douvrir-une-ambassade-au-maroc\/","title":{"rendered":"Le Rwanda d\u00e9cide d\u2019ouvrir une ambassade au Maroc"},"content":{"rendered":"<div readability=\"32\">\n<p>Publi\u00e9 le 16.07.2019 \u00e0 21h18 par APA News<\/p>\n<\/div>\n<div readability=\"73\">\n<p>La R\u00e9publique du Rwanda a d\u00e9cid\u00e9 d\u2019ouvrir prochainement son ambassade au Maroc, a annonc\u00e9 mardi un communiqu\u00e9 officiel \u00e9manant du bureau du premier ministre.\u00ab Le pr\u00e9sident rwandais, Son Excellence Paul Kagame, a proc\u00e9d\u00e9 \u00e0 la nomination de cheikh Saleh Habimana en tant que nouvel ambassadeur du Rwanda \u00e0 Rabat \u00bb, indique le communiqu\u00e9.<\/p>\n<p>Ancien mufti de la R\u00e9publique du Rwanda (2001-2011), cheikh Saleh Habimana a \u00e9t\u00e9, jusqu\u2019\u00e0 sa nouvelle nomination, ambassadeur en Egypte, o\u00f9 il sera remplac\u00e9 par Alfred Kalisa.<\/p>\n<p>Cette nouvelle nomination intervient quelques jours seulement apr\u00e8s la visite effectu\u00e9e \u00e0 Kigali par le ministre des Affaires \u00e9trang\u00e8res et de la Coop\u00e9ration, Nasser Bourita, au cours de laquelle il avait remis un message de SM le Roi Mohammed VI au pr\u00e9sident rwandais.<\/p>\n<p>Les relations entre le Maroc et la R\u00e9publique du Rwanda ont connu un tournant apr\u00e8s les visites effectu\u00e9es par le pr\u00e9sident Paul Kagame au Maroc, en juin 2016 et par le Roi Mohammed VI au Rwanda, en octobre de la m\u00eame ann\u00e9e.<\/p>\n<p>Lors de la visite royale \u00e0 Kigali, 23 accords bilat\u00e9raux ont \u00e9t\u00e9 sign\u00e9s dans le but de contribuer au d\u00e9veloppement des deux pays.<\/p>\n<p>En mars dernier, une s\u00e9rie d\u2019accords bilat\u00e9raux touchant plusieurs domaines ont \u00e9t\u00e9 sign\u00e9s entre Rabat et Kigali dans le cadre de la premi\u00e8re session de la Grande commission mixte entre les deux pays.<\/p>\n<p>Le gouvernement rwandais a \u00e9galement annonc\u00e9 la cr\u00e9ation de deux nouvelles ambassades au Qatar et au Ghana, portant \u00e0 39 le nombre des repr\u00e9sentations diplomatiques rwandaises \u00e0 l\u2019\u00e9tranger, dont 16 en Afrique.<\/p>\n<\/div>\n<p>Auteur: APA News<br \/>\n<a href=\"https:\/\/www.journalducameroun.com\/le-rwanda-decide-douvrir-une-ambassade-au-maroc\/\">Cliquez ici pour lire l&rsquo;article depuis sa source.<\/a><\/p>\n","protected":false},"excerpt":{"rendered":"<p>Publi\u00e9 le 16.07.2019 \u00e0 21h18 par APA News La R\u00e9publique du Rwanda a d\u00e9cid\u00e9 d\u2019ouvrir prochainement son ambassade au Maroc, a annonc\u00e9 mardi un communiqu\u00e9 officiel \u00e9manant du bureau du premier ministre.\u00ab Le pr\u00e9sident rwandais, Son Excellence Paul Kagame, a proc\u00e9d\u00e9 \u00e0 la nomination de cheikh Saleh Habimana en tant que nouvel ambassadeur du Rwanda [&hellip;]<\/p>\n","protected":false},"author":1965,"featured_media":0,"comment_status":"closed","ping_status":"closed","sticky":false,"template":"","format":"standard","meta":{"fifu_image_url":"","fifu_image_alt":"","footnotes":""},"categories":[73,82],"tags":[],"class_list":["post-46594","post","type-post","status-publish","format-standard","hentry","category-actualite","category-cameroun"],"_links":{"self":[{"href":"https:\/\/linitiative.ca\/International\/wp-json\/wp\/v2\/posts\/46594","targetHints":{"allow":["GET"]}}],"collection":[{"href":"https:\/\/linitiative.ca\/International\/wp-json\/wp\/v2\/posts"}],"about":[{"href":"https:\/\/linitiative.ca\/International\/wp-json\/wp\/v2\/types\/post"}],"author":[{"embeddable":true,"href":"https:\/\/linitiative.ca\/International\/wp-json\/wp\/v2\/users\/1965"}],"replies":[{"embeddable":true,"href":"https:\/\/linitiative.ca\/International\/wp-json\/wp\/v2\/comments?post=46594"}],"version-history":[{"count":0,"href":"https:\/\/linitiative.ca\/International\/wp-json\/wp\/v2\/posts\/46594\/revisions"}],"wp:attachment":[{"href":"https:\/\/linitiative.ca\/International\/wp-json\/wp\/v2\/media?parent=46594"}],"wp:term":[{"taxonomy":"category","embeddable":true,"href":"https:\/\/linitiative.ca\/International\/wp-json\/wp\/v2\/categories?post=46594"},{"taxonomy":"post_tag","embeddable":true,"href":"https:\/\/linitiative.ca\/International\/wp-json\/wp\/v2\/tags?post=46594"}],"curies":[{"name":"wp","href":"https:\/\/api.w.org\/{rel}","templated":true}]}}