{"id":46620,"date":"2019-07-16T07:14:05","date_gmt":"2019-07-16T11:14:05","guid":{"rendered":"https:\/\/linitiative.ca\/International\/sergio-pimenta-en-visite-dinspection-au-cameroun\/"},"modified":"2019-07-16T07:14:05","modified_gmt":"2019-07-16T11:14:05","slug":"sergio-pimenta-en-visite-dinspection-au-cameroun","status":"publish","type":"post","link":"https:\/\/linitiative.ca\/International\/sergio-pimenta-en-visite-dinspection-au-cameroun\/","title":{"rendered":"Sergio Pimenta en visite d\u2019inspection au Cameroun"},"content":{"rendered":"<div class=\"entry-content entry clearfix\" readability=\"55\">\n<p><a href=\"https:\/\/i2.wp.com\/ecomatin.net\/wp-content\/uploads\/2019\/07\/ecomatin.net-sergio-pimenta-en-visite-dinspection-au-cameroun-sergio-pimenta.jpg?ssl=1\"><\/p>\n<p><img loading=\"lazy\" decoding=\"async\" data-attachment-id=\"9856\" data-permalink=\"https:\/\/ecomatin.net\/sergio-pimenta-en-visite-dinspection-au-cameroun\/sergio-pimenta\/\" data-orig-file=\"https:\/\/i2.wp.com\/ecomatin.net\/wp-content\/uploads\/2019\/07\/ecomatin.net-sergio-pimenta-en-visite-dinspection-au-cameroun-sergio-pimenta.jpg?fit=299%2C350&#038;ssl=1\" data-orig-size=\"299,350\" data-comments-opened=\"0\" data-image-meta=\"{\"aperture\":\"0\",\"credit\":\"\",\"camera\":\"\",\"caption\":\"\",\"created_timestamp\":\"0\",\"copyright\":\"\",\"focal_length\":\"0\",\"iso\":\"0\",\"shutter_speed\":\"0\",\"title\":\"\",\"orientation\":\"1\"}\" data-image-title=\"Sergio-Pimenta\" data-image-description=\"\" data-medium-file=\"https:\/\/i2.wp.com\/ecomatin.net\/wp-content\/uploads\/2019\/07\/ecomatin.net-sergio-pimenta-en-visite-dinspection-au-cameroun-sergio-pimenta.jpg?fit=256%2C300&#038;ssl=1\" data-large-file=\"https:\/\/i2.wp.com\/ecomatin.net\/wp-content\/uploads\/2019\/07\/ecomatin.net-sergio-pimenta-en-visite-dinspection-au-cameroun-sergio-pimenta.jpg?fit=299%2C350&#038;ssl=1\" class=\" wp-image-9856 alignleft\" src=\"https:\/\/i2.wp.com\/ecomatin.net\/wp-content\/uploads\/2019\/07\/ecomatin.net-sergio-pimenta-en-visite-dinspection-au-cameroun-sergio-pimenta.jpg?resize=150%2C176&#038;ssl=1\" alt=\"\" width=\"150\" height=\"176\" srcset=\"https:\/\/i2.wp.com\/ecomatin.net\/wp-content\/uploads\/2019\/07\/ecomatin.net-sergio-pimenta-en-visite-dinspection-au-cameroun-sergio-pimenta.jpg?w=299&#038;ssl=1 299w, https:\/\/i2.wp.com\/ecomatin.net\/wp-content\/uploads\/2019\/07\/ecomatin.net-sergio-pimenta-en-visite-dinspection-au-cameroun-sergio-pimenta.jpg?resize=256%2C300&#038;ssl=1 256w\" sizes=\"auto, (max-width: 150px) 100vw, 150px\" data-recalc-dims=\"1\"\/><\/p>\n<p><\/a>Le Franco-portugais <strong>S\u00e9rgio Pimenta<\/strong>, Vice-pr\u00e9sident de la Soci\u00e9t\u00e9 financi\u00e8re internationale <strong>(SFI<\/strong>)\u00a0 pour le Moyen-Orient et l\u2019Afrique a effectu\u00e9 du 10 au 12 juillet 2019, une visite de trois jours au Cameroun. Son arriv\u00e9e a co\u00efncid\u00e9 avec le lancement des travaux de construction du barrage hydro\u00e9lectrique de Nachtigal. Cette infrastructure \u00e9nerg\u00e9tique, qui pourra produire jusqu\u2019\u00e0 <strong>420 MW<\/strong> d\u2019\u00e9lectricit\u00e9 apr\u00e8s sa mise en service pr\u00e9vue en 2023, permettra d\u2019augmenter de 30 % les capacit\u00e9s install\u00e9es dans le pays. C\u2019est d\u2019ailleurs le projet le plus important dans lequel est impliqu\u00e9e la SFI dans le pays. La SFI d\u00e9tient 20 % des actifs dans ce projet, aux c\u00f4t\u00e9s de l\u2019\u00c9tat camerounais (15 %), de l\u2019\u00e9lectricien fran\u00e7ais <strong>EDF<\/strong> (40 %), ou encore des v\u00e9hicules d\u2019investissements internationaux tels qu\u2019<strong>Africa50<\/strong> (15 %) et <strong>Stoa Infra Energy<\/strong> (10 %). Son s\u00e9jour a \u00e9t\u00e9 marqu\u00e9 par des entretiens avec les autorit\u00e9s camerounaises, le patronat et des partenaires au d\u00e9veloppement.\u00a0 M\u00eame si cela n\u2019a pas clairement \u00e9t\u00e9 exprim\u00e9, la deuxi\u00e8me personnalit\u00e9 de la SFI vient \u00e9galement dans l\u2019\u00e9ventualit\u00e9 d\u2019\u00e9largir le portefeuille actif de la SFI au Cameroun. Lequel s\u2019\u00e9l\u00e8ve \u00e0 <strong>228 millions de dollars<\/strong> d\u2019investissements.<\/p>\n<p><strong>A propos d\u2019IFC<\/strong><\/p>\n<p>SFI, une organisation s\u0153ur de la Banque mondiale et un membre du Groupe de la Banque mondiale, est la principale institution internationale de d\u00e9veloppement d\u00e9di\u00e9e au secteur priv\u00e9 dans les march\u00e9s \u00e9mergents. Travaillant avec plus de <strong>2 000 entreprises<\/strong> dans le monde, elle utilise son capital, son expertise et son influence pour cr\u00e9er des march\u00e9s et des opportunit\u00e9s dans les r\u00e9gions les plus difficiles du monde. Au cours de l\u2019exercice fiscal 2018, la SFI\u00a0 a fourni plus de <strong>23 milliards de dollars<\/strong> en financements \u00e0 long terme pour les pays en d\u00e9veloppement, tirant parti du pouvoir du secteur priv\u00e9 pour \u00e9liminer l\u2019extr\u00eame pauvret\u00e9 et promouvoir une prosp\u00e9rit\u00e9 partag\u00e9e.\u00a0 Elle\u00a0 fournit \u00e9galement des services de conseil pour soutenir les efforts du gouvernement en vue de l\u2019am\u00e9lioration de l\u2019environnement des affaires attractif.<\/p>\n<div class=\"about-author about-author-box container-wrapper\">\n<div class=\"author-avatar\">\n<p><img decoding=\"async\" src=\"http:\/\/\" alt=\"\"\/><\/p>\n<\/div>\n<p><h4>La R\u00e9daction EcoMatin<\/h4>\n<\/p>\n<\/div>\n<div class=\"awac-wrapper awac widget blog_subscription-2\">\n<h4 class=\"widget-title\">Abonnez-vous \u00e0 notre lettre d&rsquo;information<\/h4>\n<\/div>\n<\/div>\n<div class=\"toggle-post-content clearfix\"><a id=\"toggle-post-button\" class=\"button\" href=\"#\">Afficher plus <\/a><\/div>\n<p>Auteur: EcoMatin<br \/>\n<a href=\"https:\/\/ecomatin.net\/sergio-pimenta-en-visite-dinspection-au-cameroun\/\">Cliquez ici pour lire l&rsquo;article depuis sa source.<\/a><\/p>\n","protected":false},"excerpt":{"rendered":"<p>Le Franco-portugais S\u00e9rgio Pimenta, Vice-pr\u00e9sident de la Soci\u00e9t\u00e9 financi\u00e8re internationale (SFI)\u00a0 pour le Moyen-Orient et l\u2019Afrique a effectu\u00e9 du 10 au 12 juillet 2019, une visite de trois jours au Cameroun. Son arriv\u00e9e a co\u00efncid\u00e9 avec le lancement des travaux de construction du barrage hydro\u00e9lectrique de Nachtigal. Cette infrastructure \u00e9nerg\u00e9tique, qui pourra produire jusqu\u2019\u00e0 420 [&hellip;]<\/p>\n","protected":false},"author":1969,"featured_media":0,"comment_status":"closed","ping_status":"closed","sticky":false,"template":"","format":"standard","meta":{"fifu_image_url":"","fifu_image_alt":"","footnotes":""},"categories":[82,78],"tags":[],"class_list":["post-46620","post","type-post","status-publish","format-standard","hentry","category-cameroun","category-economie"],"_links":{"self":[{"href":"https:\/\/linitiative.ca\/International\/wp-json\/wp\/v2\/posts\/46620","targetHints":{"allow":["GET"]}}],"collection":[{"href":"https:\/\/linitiative.ca\/International\/wp-json\/wp\/v2\/posts"}],"about":[{"href":"https:\/\/linitiative.ca\/International\/wp-json\/wp\/v2\/types\/post"}],"author":[{"embeddable":true,"href":"https:\/\/linitiative.ca\/International\/wp-json\/wp\/v2\/users\/1969"}],"replies":[{"embeddable":true,"href":"https:\/\/linitiative.ca\/International\/wp-json\/wp\/v2\/comments?post=46620"}],"version-history":[{"count":0,"href":"https:\/\/linitiative.ca\/International\/wp-json\/wp\/v2\/posts\/46620\/revisions"}],"wp:attachment":[{"href":"https:\/\/linitiative.ca\/International\/wp-json\/wp\/v2\/media?parent=46620"}],"wp:term":[{"taxonomy":"category","embeddable":true,"href":"https:\/\/linitiative.ca\/International\/wp-json\/wp\/v2\/categories?post=46620"},{"taxonomy":"post_tag","embeddable":true,"href":"https:\/\/linitiative.ca\/International\/wp-json\/wp\/v2\/tags?post=46620"}],"curies":[{"name":"wp","href":"https:\/\/api.w.org\/{rel}","templated":true}]}}