{"id":46631,"date":"2019-07-17T05:50:02","date_gmt":"2019-07-17T09:50:02","guid":{"rendered":"https:\/\/linitiative.ca\/International\/fariba-adelkhah-chercheuse-respectee-ni-espionne-ni-opposante-au-gouvernement-iranien-selon-ses-proches\/"},"modified":"2019-07-17T05:50:02","modified_gmt":"2019-07-17T09:50:02","slug":"fariba-adelkhah-chercheuse-respectee-ni-espionne-ni-opposante-au-gouvernement-iranien-selon-ses-proches","status":"publish","type":"post","link":"https:\/\/linitiative.ca\/International\/fariba-adelkhah-chercheuse-respectee-ni-espionne-ni-opposante-au-gouvernement-iranien-selon-ses-proches\/","title":{"rendered":"Fariba Adelkhah, chercheuse respect\u00e9e, ni espionne ni opposante au gouvernement Iranien selon ses proches"},"content":{"rendered":"<div readability=\"32\">\n<p>Publi\u00e9 le 17.07.2019 \u00e0 10h50 par AFP<\/p>\n<\/div>\n<div readability=\"160\">\n<p>L\u2019anthropologue franco-iranienne Fariba Adelkhah, chercheuse respect\u00e9e sur la soci\u00e9t\u00e9 iranienne et le chiisme, a-t-elle \u00e9t\u00e9 arr\u00eat\u00e9e en Iran \u00e0 cause de ses travaux ? Ses amis et confr\u00e8res en France balaient les accusations d\u2019espionnage et soulignent son s\u00e9rieux et sa libert\u00e9 de ton.<\/p>\n<p>\u00ab\u00a0On est tous un peu toujours sous surveillance, c\u2019est s\u00fbr. C\u2019est un pays compliqu\u00e9 et le contexte en ce moment est aussi compliqu\u00e9\u00a0\u00bb : le directeur de th\u00e8se de Mme Adelkhah, l\u2019anthropologue et directeur de recherche \u00e9m\u00e9rite au CNRS Jean-Pierre Digard, joint par l\u2019AFP, avoue \u00ab\u00a0sa stupeur\u00a0\u00bb et son \u00ab\u00a0d\u00e9sarroi\u00a0\u00bb \u00e0 l\u2019annonce de son arrestation.<\/p>\n<p>\u00ab\u00a0En tant que chercheuse, elle est respect\u00e9e, reconnue. Elle fait des recherches de terrain et publie, comme font tous les bons chercheurs\u00a0\u00bb, insiste-t-il en \u00e9voquant les nombreux ouvrages de Fariba Adelkhah.<\/p>\n<p>Arriv\u00e9e en France en 1977 pour y suivre des \u00e9tudes, et non comme r\u00e9fugi\u00e9e politique apr\u00e8s la chute du Shah, Mme Adelkhah, docteure en anthropologie de 60 ans, vit entre ses deux pays: l\u2019Iran o\u00f9 r\u00e9side toujours sa famille et la France dont elle a pris la nationalit\u00e9.<\/p>\n<p>Depuis dix-huit mois, elle est pratiquement la moiti\u00e9 du temps en Iran, affirme \u00e0 l\u2019AFP son ami, le chercheur Jean-Fran\u00e7ois Bayart, ancien directeur du CERI \u2013 Centre de recherches internationales de Sciences Po-Paris \u2013 auquel elle appartient.<\/p>\n<p>Mais cette double nationalit\u00e9 la fragilise, estime son compatriote Armin Arefi, lui aussi franco-iranien : \u00ab\u00a0On peut facilement voyager dans les deux pays et, en plus, on a les contacts sur place (en Iran). Mais si on est arr\u00eat\u00e9, on est Iranien: on vit avec cette \u00e9p\u00e9e de Damocl\u00e8s\u00a0\u00bb, a expliqu\u00e9 le journaliste-\u00e9crivain franco-iranien sur France Culture mardi.<\/p>\n<p>L\u2019Iran ne reconna\u00eet pas la double nationalit\u00e9 et consid\u00e8re par cons\u00e9quent que ses citoyens ne rel\u00e8vent que de son autorit\u00e9. Ainsi, la France n\u2019a pu acc\u00e9der \u00e0 Mme Adelkhah.<\/p>\n<p>\u2013 soci\u00e9t\u00e9, jeunesse, femmes \u2013<\/p>\n<p>\u00ab\u00a0En tout cas, ce n\u2019est pas une opposante politique, \u00e7a c\u2019est s\u00fbr et certain\u00a0\u00bb, rel\u00e8ve Karim Lahidji, pr\u00e9sident de la Ligue pour la D\u00e9fense des Droits de l\u2019Homme en Iran (LDDHI). \u00ab\u00a0C\u2019est m\u00eame la raison pour laquelle elle \u00e9tait autoris\u00e9e \u00e0 se rendre en Iran, \u00e0 y s\u00e9journer de longs mois, mener des recherches, des enqu\u00eates, ce qui n\u2019est pas possible pour tout le monde\u00a0\u00bb, d\u00e9taille-t-il \u00e0 l\u2019AFP.<\/p>\n<p>\u00ab\u00a0Elle a toujours refus\u00e9 de condamner le r\u00e9gime\u00a0\u00bb, affirme aussi M. Bayart, d\u00e9sormais professeur \u00e0 l\u2019Institut des Hautes \u00e9tudes internationales et du d\u00e9veloppement (IHEID) \u00e0 Gen\u00e8ve. \u00ab\u00a0\u00c7a lui a valu d\u2019\u00eatre mal comprise de la diaspora et de prendre des coups des deux c\u00f4t\u00e9s\u00a0\u00bb.<\/p>\n<p>\u00ab\u00a0C\u2019est une chercheuse libre, avec son franc-parler\u00a0\u00bb, plut\u00f4t du c\u00f4t\u00e9 \u00ab\u00a0des r\u00e9formateurs\u00a0\u00bb comme l\u2019ex-pr\u00e9sident Rafsandjani ou d\u00e9sormais, du pr\u00e9sident (Hassan) Rohani, poursuit-il : \u00ab\u00a0Elle avait d\u00e9cid\u00e9 en 2009-2010 sous (le conservateur Mahmoud) Ahmadinejad de cesser de travailler sur l\u2019Iran pour se consacrer \u00e0 l\u2019Afghanistan, sans jamais cesser d\u2019aller en Iran. Depuis un peu plus d\u2019un an, elle recommence \u00e0 travailler sur l\u2019Iran, notamment sur l\u2019interface des clerg\u00e9s chiites en Iran, Afghanistan et Irak, se rendant dans les trois pays\u00a0\u00bb.<\/p>\n<p>Pour ses pairs, Fariba Adelkhah porte un regard sensible et instruit sur la soci\u00e9t\u00e9 iranienne, sur la famille, la jeunesse et les femmes.<\/p>\n<p>\u00ab\u00a0Or, la crainte du pouvoir est justement cette soci\u00e9t\u00e9, prise en otage aujourd\u2019hui dans le conflit g\u00e9opolitique\u00a0\u00bb qui oppose l\u2019Iran aux \u00c9tats-Unis \u00e0 propos de l\u2019accord sur le nucl\u00e9aire, affirme Ahmad Salamatian, ancien secr\u00e9taire d\u2019\u00c9tat iranien aux Affaires \u00e9trang\u00e8res \u2013 en exil en France \u2013 sur France Culture.<\/p>\n<p>Pour tenter de trouver une issue, la France a r\u00e9cemment dep\u00each\u00e9 par deux fois un \u00e9missaire \u00e0 T\u00e9h\u00e9ran, soumis aux draconiennes sanctions am\u00e9ricaines \u2013 au moment o\u00f9 Fariba Adelkhah \u00e9tait arr\u00eat\u00e9e, vraisemblablement d\u00e9but juin. Ce qui laisse penser, selon toutes conjectures, que les forces les plus radicales du r\u00e9gime seraient \u00e0 la manoeuvre.<\/p>\n<p>Tous balaient de la main les soup\u00e7ons d\u2019espionnage: \u00ab\u00a0Accusation grotesque\u00a0\u00bb, lance m\u00eame M.Digard.<\/p>\n<p>Lors de l\u2019arrestation de l\u2019\u00e9tudiante fran\u00e7aise Clotilde Reiss, d\u00e9tenue de juillet 2009 \u00e0 mai 2010, \u00ab\u00a0Fariba Adelkhah avait d\u00e9clar\u00e9 au (magazine) l\u2019Express qu\u2019en Iran, tout chercheur est consid\u00e9r\u00e9 comme un 007\u00a0\u00bb, rappelle Jean-Fran\u00e7ois Bayart qui se demande aujourd\u2019hui si ses ennuis ne viennent pas de cette boutade.<\/p>\n<\/div>\n<p>Auteur: AFP<br \/>\n<a href=\"https:\/\/www.journalducameroun.com\/fariba-adelkhah-chercheuse-respectee-ni-espionne-ni-opposante-au-gouvernement-iranien-selon-ses-proches\/\">Cliquez ici pour lire l&rsquo;article depuis sa source.<\/a><\/p>\n","protected":false},"excerpt":{"rendered":"<p>Publi\u00e9 le 17.07.2019 \u00e0 10h50 par AFP L\u2019anthropologue franco-iranienne Fariba Adelkhah, chercheuse respect\u00e9e sur la soci\u00e9t\u00e9 iranienne et le chiisme, a-t-elle \u00e9t\u00e9 arr\u00eat\u00e9e en Iran \u00e0 cause de ses travaux ? Ses amis et confr\u00e8res en France balaient les accusations d\u2019espionnage et soulignent son s\u00e9rieux et sa libert\u00e9 de ton. \u00ab\u00a0On est tous un peu [&hellip;]<\/p>\n","protected":false},"author":1965,"featured_media":0,"comment_status":"closed","ping_status":"closed","sticky":false,"template":"","format":"standard","meta":{"fifu_image_url":"","fifu_image_alt":"","footnotes":""},"categories":[73,82],"tags":[],"class_list":["post-46631","post","type-post","status-publish","format-standard","hentry","category-actualite","category-cameroun"],"_links":{"self":[{"href":"https:\/\/linitiative.ca\/International\/wp-json\/wp\/v2\/posts\/46631","targetHints":{"allow":["GET"]}}],"collection":[{"href":"https:\/\/linitiative.ca\/International\/wp-json\/wp\/v2\/posts"}],"about":[{"href":"https:\/\/linitiative.ca\/International\/wp-json\/wp\/v2\/types\/post"}],"author":[{"embeddable":true,"href":"https:\/\/linitiative.ca\/International\/wp-json\/wp\/v2\/users\/1965"}],"replies":[{"embeddable":true,"href":"https:\/\/linitiative.ca\/International\/wp-json\/wp\/v2\/comments?post=46631"}],"version-history":[{"count":0,"href":"https:\/\/linitiative.ca\/International\/wp-json\/wp\/v2\/posts\/46631\/revisions"}],"wp:attachment":[{"href":"https:\/\/linitiative.ca\/International\/wp-json\/wp\/v2\/media?parent=46631"}],"wp:term":[{"taxonomy":"category","embeddable":true,"href":"https:\/\/linitiative.ca\/International\/wp-json\/wp\/v2\/categories?post=46631"},{"taxonomy":"post_tag","embeddable":true,"href":"https:\/\/linitiative.ca\/International\/wp-json\/wp\/v2\/tags?post=46631"}],"curies":[{"name":"wp","href":"https:\/\/api.w.org\/{rel}","templated":true}]}}