{"id":46634,"date":"2019-07-17T05:50:04","date_gmt":"2019-07-17T09:50:04","guid":{"rendered":"https:\/\/linitiative.ca\/International\/apres-30-ans-le-soudan-fait-un-pas-crucial-vers-la-democratie\/"},"modified":"2019-07-17T05:50:04","modified_gmt":"2019-07-17T09:50:04","slug":"apres-30-ans-le-soudan-fait-un-pas-crucial-vers-la-democratie","status":"publish","type":"post","link":"https:\/\/linitiative.ca\/International\/apres-30-ans-le-soudan-fait-un-pas-crucial-vers-la-democratie\/","title":{"rendered":"Apr\u00e8s 30 ans, le Soudan fait un pas \u00ab\u00a0crucial\u00a0\u00bb vers la d\u00e9mocratie"},"content":{"rendered":"<p>Les g\u00e9n\u00e9raux au pouvoir et les meneurs de la contestation au Soudan ont sign\u00e9 mercredi un accord sur le partage du pouvoir, qualifi\u00e9 d&rsquo;\u00a0\u00bb\u00e9tape cruciale\u00a0\u00bb, apr\u00e8s des mois de troubles marqu\u00e9s par la destitution du pr\u00e9sident Omar el-B\u00e9chir et une r\u00e9pression brutale.<\/p>\n<p>T\u00f4t mercredi, apr\u00e8s des n\u00e9gociations qui ont dur\u00e9 toute la nuit, les deux parties ont paraph\u00e9 une \u00ab\u00a0d\u00e9claration politique\u00a0\u00bb, premier pas vers un gouvernement civil, principale revendication des contestataires.<\/p>\n<p>Des discussions doivent cependant encore avoir lieu dans les prochains jours sur d\u2019autres points, notamment sur la question de l&rsquo;\u00a0\u00bbimmunit\u00e9 absolue\u00a0\u00bb r\u00e9clam\u00e9e par les militaires au pouvoir et rejet\u00e9e par le mouvement de contestation.<\/p>\n<p>C\u2019est un Conseil souverain compos\u00e9 de cinq militaires et six civils, pr\u00e9sid\u00e9 tour \u00e0 tour par un repr\u00e9sentant militaire et civil, qui sera charg\u00e9 de mettre en oeuvre la transition pendant un peu plus de trois ans.<\/p>\n<p>Les militaires pr\u00e9sideront cette instance pendant les premiers 21 mois de la transition, les civils prendront ensuite la rel\u00e8ve pour les 18 mois restants.<\/p>\n<p>\u2013 \u00ab\u00a0Nouvelle \u00e8re\u00a0\u00bb \u2013<\/p>\n<p>A l\u2019issue de la rencontre dans un h\u00f4tel de luxe de Khartoum, le num\u00e9ro 2 du Conseil militaire au pouvoir, Mohamed Hamdan Daglo dit \u00ab\u00a0Hemeidti\u00a0\u00bb, aussi commandant des redout\u00e9es Forces de soutien rapide (RSF), a salu\u00e9 un moment \u00ab\u00a0historique\u00a0\u00bb.<\/p>\n<p>Apr\u00e8s avoir appos\u00e9 ses initiales sur le document, il a d\u00e9clar\u00e9 que cette signature ouvrait \u00ab\u00a0une nouvelle \u00e8re prometteuse de collaboration entre les forces arm\u00e9es, les RSF et les dirigeants de la glorieuse r\u00e9volution soudanaise\u00a0\u00bb.<\/p>\n<p>\u00ab\u00a0Aujourd\u2019hui, nous nous sommes accord\u00e9s sur la d\u00e9claration politique\u00a0\u00bb, a indiqu\u00e9 pour sa part Ibrahim al-Amin, un des meneurs de la contestation. \u00ab\u00a0Pour le document constitutionnel, nous reprendrons les n\u00e9gociations vendredi\u00a0\u00bb, a-t-il ajout\u00e9 \u00e0 l\u2019AFP.<\/p>\n<p>Les pourparlers entre les deux camps avaient \u00e9t\u00e9 repouss\u00e9s \u00e0 plusieurs reprises ces derniers jours.<\/p>\n<p>Le Conseil militaire et l\u2019Alliance pour la libert\u00e9 et le changement (ALC), fer de lance de la contestation, \u00ab\u00a0ont conclu un accord tr\u00e8s important qui constitue une \u00e9tape cruciale vers une r\u00e9conciliation globale\u00a0\u00bb, a d\u00e9clar\u00e9 le m\u00e9diateur de l\u2019Union africaine, Mohamed El Hacen Lebatt, apr\u00e8s avoir aussi paraph\u00e9 le document.<\/p>\n<p>Depuis l\u2019annonce d\u2019un accord sur une \u00e9bauche de texte le 5 juillet, gr\u00e2ce \u00e0 une intense m\u00e9diation de l\u2019UA et de l\u2019Ethiopie, les regards \u00e9taient tourn\u00e9s vers le Conseil militaire, qui a succ\u00e9d\u00e9 le 11 avril \u00e0 B\u00e9chir rest\u00e9 30 ans au pouvoir, pour observer s\u2019il allait ou non respecter le principe du partage du pouvoir.<\/p>\n<p>A la derni\u00e8re minute, les g\u00e9n\u00e9raux ont r\u00e9clam\u00e9 une \u00ab\u00a0immunit\u00e9 absolue\u00a0\u00bb pour la r\u00e9pression des manifestations qui secouent le pays depuis le 19 d\u00e9cembre, selon la contestation.<\/p>\n<p>Le 3 juin, des hommes arm\u00e9s ont dispers\u00e9 dans le sang le campement qui rassemblait des milliers de manifestants devant le si\u00e8ge de l\u2019arm\u00e9e \u00e0 Khartoum. Cette op\u00e9ration, dont les responsables n\u2019ont pas encore \u00e9t\u00e9 d\u00e9sign\u00e9s, avait fait 136 morts selon un comit\u00e9 de m\u00e9decins proche de la contestation, et des centaines de bless\u00e9s.<\/p>\n<p>\u2013 Immunit\u00e9 des militaires ? \u2013<\/p>\n<p>Dans la rue, ces derni\u00e8res semaines, une des demandes avec l\u2019\u00e9tablissement d\u2019un \u00ab\u00a0gouvernement civil\u00a0\u00bb, avait alors \u00e9t\u00e9 que les responsables de la r\u00e9pression soient jug\u00e9s.<\/p>\n<p>Juste avant de pousser les portes de la r\u00e9union mardi soir, le porte-parole de l\u2019Association des professionnels soudanais (SPA) qui fait partie de la contestation, Isma\u00efl al-Taj, avait \u00e9t\u00e9 cat\u00e9gorique: \u00ab\u00a0Nous refusons l\u2019immunit\u00e9 absolue que les militaires au pouvoir ont demand\u00e9e\u00a0\u00bb.<\/p>\n<p>Outre le sujet de l\u2019immunit\u00e9, restent encore en suspens la question de la cr\u00e9ation d\u2019un Parlement de transition et celle du retrait des milices encore pr\u00e9sentes \u00e0 Khartoum et dans d\u2019autres villes du pays.<\/p>\n<p>Lundi, des rassemblements spontan\u00e9s ont eu lieu dans plusieurs quartiers de la capitale soudanaise, apr\u00e8s la mort d\u2019un homme tu\u00e9 par balle dans le sud-est du pays, suite \u00e0 un rassemblement des habitants r\u00e9clamant le d\u00e9part de leur ville des forces paramilitaires des RSF.<\/p>\n<p>Depuis samedi, six civils ont \u00e9t\u00e9 tu\u00e9s \u00ab\u00a0aux mains des milices Janjawids\u00a0\u00bb, a accus\u00e9 mardi le comit\u00e9 de m\u00e9decins.<\/p>\n<p>Consid\u00e9r\u00e9s comme un avatar des milices arabes Janjawids qui ont terroris\u00e9 le Darfour dans le conflit qui ravage cet province de l\u2019ouest depuis 2003, les RSF sont aussi accus\u00e9es d\u2019\u00eatre responsables de la r\u00e9pression du sit-in le 3 juin.<\/p>\n<p>\u00ab\u00a0Hemeidti\u00a0\u00bb a ni\u00e9 toute responsabilit\u00e9 de ces forces, d\u00e9non\u00e7ant une tentative de ternir leur image.<\/p>\n<p>Auteur: AFP<br \/>\n<a href=\"https:\/\/www.journalducameroun.com\/apres-30-ans-le-soudan-fait-un-pas-crucial-vers-la-democratie-2\/\">Cliquez ici pour lire l&rsquo;article depuis sa source.<\/a><\/p>\n","protected":false},"excerpt":{"rendered":"<p>Les g\u00e9n\u00e9raux au pouvoir et les meneurs de la contestation au Soudan ont sign\u00e9 mercredi un accord sur le partage du pouvoir, qualifi\u00e9 d&rsquo;\u00a0\u00bb\u00e9tape cruciale\u00a0\u00bb, apr\u00e8s des mois de troubles marqu\u00e9s par la destitution du pr\u00e9sident Omar el-B\u00e9chir et une r\u00e9pression brutale. T\u00f4t mercredi, apr\u00e8s des n\u00e9gociations qui ont dur\u00e9 toute la nuit, les deux [&hellip;]<\/p>\n","protected":false},"author":1965,"featured_media":0,"comment_status":"closed","ping_status":"closed","sticky":false,"template":"","format":"standard","meta":{"fifu_image_url":"","fifu_image_alt":"","footnotes":""},"categories":[73,82],"tags":[],"class_list":["post-46634","post","type-post","status-publish","format-standard","hentry","category-actualite","category-cameroun"],"_links":{"self":[{"href":"https:\/\/linitiative.ca\/International\/wp-json\/wp\/v2\/posts\/46634","targetHints":{"allow":["GET"]}}],"collection":[{"href":"https:\/\/linitiative.ca\/International\/wp-json\/wp\/v2\/posts"}],"about":[{"href":"https:\/\/linitiative.ca\/International\/wp-json\/wp\/v2\/types\/post"}],"author":[{"embeddable":true,"href":"https:\/\/linitiative.ca\/International\/wp-json\/wp\/v2\/users\/1965"}],"replies":[{"embeddable":true,"href":"https:\/\/linitiative.ca\/International\/wp-json\/wp\/v2\/comments?post=46634"}],"version-history":[{"count":0,"href":"https:\/\/linitiative.ca\/International\/wp-json\/wp\/v2\/posts\/46634\/revisions"}],"wp:attachment":[{"href":"https:\/\/linitiative.ca\/International\/wp-json\/wp\/v2\/media?parent=46634"}],"wp:term":[{"taxonomy":"category","embeddable":true,"href":"https:\/\/linitiative.ca\/International\/wp-json\/wp\/v2\/categories?post=46634"},{"taxonomy":"post_tag","embeddable":true,"href":"https:\/\/linitiative.ca\/International\/wp-json\/wp\/v2\/tags?post=46634"}],"curies":[{"name":"wp","href":"https:\/\/api.w.org\/{rel}","templated":true}]}}