{"id":46640,"date":"2019-07-17T06:18:03","date_gmt":"2019-07-17T10:18:03","guid":{"rendered":"https:\/\/linitiative.ca\/International\/vendre-du-manioc-le-job-de-vacances-des-ecolieres-du-tchad\/"},"modified":"2019-07-17T06:18:03","modified_gmt":"2019-07-17T10:18:03","slug":"vendre-du-manioc-le-job-de-vacances-des-ecolieres-du-tchad","status":"publish","type":"post","link":"https:\/\/linitiative.ca\/International\/vendre-du-manioc-le-job-de-vacances-des-ecolieres-du-tchad\/","title":{"rendered":"Vendre du manioc, le job de vacances des \u00e9coli\u00e8res du Tchad"},"content":{"rendered":"<div readability=\"32\">\n<p>Publi\u00e9 le 17.07.2019 \u00e0 11h18 par APA News<\/p>\n<\/div>\n<div readability=\"90\">\n<p>Habitu\u00e9es, pendant les vacances, \u00e0 la vente du manioc, beaucoup de coll\u00e9giennes et de lyc\u00e9ennes de N\u2019Djam\u00e9na ont \u00e0 nouveau remis leur bleu de chauffe depuis la fermeture des classes pour sillonner les rue de la capitale, un plat de tiges de tubercule sur la t\u00eate.Elles ont tellement investi ce petit commerce qu\u2019il est presque devenu leur chasse gard\u00e9e, au bonheur des N\u2019Djam\u00e9nois qui tombent \u00e0 tous les coins de rue sur de charmants sourires f\u00e9minins, leur proposant du manioc cru ou cuit \u00e0 la vapeur.<\/p>\n<p>Avant d\u2019aiguiser l\u2019app\u00e9tit des clients, les jeunes vendeuses s\u2019approvisionnent aupr\u00e8s des jardiniers, principaux producteurs du manioc qu\u2019ils cultivent dans leurs champs situ\u00e9s sous le pont \u00e0 double voie qui enjambe le fleuve Chari. Leur production de cette ann\u00e9e a \u00e9t\u00e9 exceptionnelle car depuis le d\u00e9but du mois courant, le manioc inonde les march\u00e9s de la capitale.<\/p>\n<p>Une occasion r\u00eav\u00e9e pour Frida, une \u00e9l\u00e8ve en classe \u00a0de troisi\u00e8me, de se lancer dans la vente du manioc. A l\u2019instar de beaucoup d\u2019\u00e9coli\u00e8res, elle sillonne \u00e0 longueur de journ\u00e9e les grands axes routiers de N\u2019Djam\u00e9na, suivant un trajet ayant pour point de d\u00e9part l\u2019avenue Joseph Brahim Seid. Strat\u00e9gique cette art\u00e8re jouxte les quartiers Bololo, Mardjan Daffack et Djambal Bahr o\u00f9 la jeune fille dispose d\u2019une fid\u00e8le client\u00e8le.<\/p>\n<p>Trouv\u00e9e en train de peler \u00e0 l\u2019aide d\u2019o\u00f9 couteau, l\u2019\u00e9corce d\u2019une tige de manioc, sur commande d\u2019un client, elle explique entre deux coups de canif que ses tubercules co\u00fbtent entre 100 et 500 FCFA. Tout d\u00e9pend de la longueur du manioc et de l\u2019\u00e9paisseur de la bourse du client.<\/p>\n<p>L\u2019un deux, Abakar, confie qu\u2019il pr\u00e9f\u00e8re le manioc cru. Puis, dans un regard complice, il ajoute : \u00ab Selon certaines indiscr\u00e9tions traditionnelles, le manioc mang\u00e9 cru est bon pour l\u2019homme, \u00e7a renforce sa virilit\u00e9 \u00bb.<\/p>\n<p>Loin de ces consid\u00e9rations du bas de la ceinture, Soli, une jeune lyc\u00e9enne, pr\u00e9f\u00e8re s\u2019attarder sur ses recettes journali\u00e8res qui r\u00e9v\u00e8le-t-elle peuvent aller jusqu\u2019\u00e0 \u00ab 5000 FCFA voire plus \u00bb. Interrog\u00e9e sur l\u2019utilisation de ses revenus, elle explique : \u00ab Nous faisons des \u00e9conomies pour qu\u2019\u00e0 l\u2019approche de la prochaine rentr\u00e9e de classe, nous puissions aider les parents dans l\u2019achat de fournitures scolaires \u00bb.<\/p>\n<p>Pour certaines filles dont les parents sont ais\u00e9s, la vente du manioc leur permet l\u2019enti\u00e8re prise en charge de leur scolarit\u00e9 : l\u2019inscription au lyc\u00e9e et l\u2019achat des fournitures.<\/p>\n<\/div>\n<p>Auteur: APA News<br \/>\n<a href=\"https:\/\/www.journalducameroun.com\/vendre-du-manioc-le-job-de-vacances-des-ecolieres-du-tchad\/\">Cliquez ici pour lire l&rsquo;article depuis sa source.<\/a><\/p>\n","protected":false},"excerpt":{"rendered":"<p>Publi\u00e9 le 17.07.2019 \u00e0 11h18 par APA News Habitu\u00e9es, pendant les vacances, \u00e0 la vente du manioc, beaucoup de coll\u00e9giennes et de lyc\u00e9ennes de N\u2019Djam\u00e9na ont \u00e0 nouveau remis leur bleu de chauffe depuis la fermeture des classes pour sillonner les rue de la capitale, un plat de tiges de tubercule sur la t\u00eate.Elles ont [&hellip;]<\/p>\n","protected":false},"author":1965,"featured_media":0,"comment_status":"closed","ping_status":"closed","sticky":false,"template":"","format":"standard","meta":{"fifu_image_url":"","fifu_image_alt":"","footnotes":""},"categories":[73,82],"tags":[],"class_list":["post-46640","post","type-post","status-publish","format-standard","hentry","category-actualite","category-cameroun"],"_links":{"self":[{"href":"https:\/\/linitiative.ca\/International\/wp-json\/wp\/v2\/posts\/46640","targetHints":{"allow":["GET"]}}],"collection":[{"href":"https:\/\/linitiative.ca\/International\/wp-json\/wp\/v2\/posts"}],"about":[{"href":"https:\/\/linitiative.ca\/International\/wp-json\/wp\/v2\/types\/post"}],"author":[{"embeddable":true,"href":"https:\/\/linitiative.ca\/International\/wp-json\/wp\/v2\/users\/1965"}],"replies":[{"embeddable":true,"href":"https:\/\/linitiative.ca\/International\/wp-json\/wp\/v2\/comments?post=46640"}],"version-history":[{"count":0,"href":"https:\/\/linitiative.ca\/International\/wp-json\/wp\/v2\/posts\/46640\/revisions"}],"wp:attachment":[{"href":"https:\/\/linitiative.ca\/International\/wp-json\/wp\/v2\/media?parent=46640"}],"wp:term":[{"taxonomy":"category","embeddable":true,"href":"https:\/\/linitiative.ca\/International\/wp-json\/wp\/v2\/categories?post=46640"},{"taxonomy":"post_tag","embeddable":true,"href":"https:\/\/linitiative.ca\/International\/wp-json\/wp\/v2\/tags?post=46640"}],"curies":[{"name":"wp","href":"https:\/\/api.w.org\/{rel}","templated":true}]}}