{"id":46642,"date":"2019-07-17T05:04:40","date_gmt":"2019-07-17T09:04:40","guid":{"rendered":"https:\/\/linitiative.ca\/International\/une-ecomatin-n259-actuellement-en-kiosque\/"},"modified":"2019-07-17T05:04:40","modified_gmt":"2019-07-17T09:04:40","slug":"une-ecomatin-n259-actuellement-en-kiosque","status":"publish","type":"post","link":"https:\/\/linitiative.ca\/International\/une-ecomatin-n259-actuellement-en-kiosque\/","title":{"rendered":"Une EcoMatin N\u00b0259 actuellement en kiosque"},"content":{"rendered":"<h4><span class=\"c2\"><strong><a href=\"https:\/\/i0.wp.com\/ecomatin.net\/wp-content\/uploads\/2019\/07\/ecomatin.net-couv-n259-du-mercredi-17-juillet-2019-1.jpg?ssl=1\"><\/p>\n<p><img loading=\"lazy\" decoding=\"async\" data-attachment-id=\"9782\" data-permalink=\"https:\/\/ecomatin.net\/couv-n258-du-lundi-15-juillet-2019-1\/\" data-orig-file=\"https:\/\/i2.wp.com\/ecomatin.net\/wp-content\/uploads\/2019\/07\/ecomatin.net-couv-n258-du-lundi-15-juillet-2019-1.jpg?fit=1723%2C2362&#038;ssl=1\" data-orig-size=\"1723,2362\" data-comments-opened=\"0\" data-image-meta=\"{\"aperture\":\"0\",\"credit\":\"\",\"camera\":\"\",\"caption\":\"\",\"created_timestamp\":\"0\",\"copyright\":\"\",\"focal_length\":\"0\",\"iso\":\"0\",\"shutter_speed\":\"0\",\"title\":\"\",\"orientation\":\"1\"}\" data-image-title=\"couv-N\u00b0258 du lundi 15 juillet 2019-1\" data-image-description=\"\" data-medium-file=\"https:\/\/i2.wp.com\/ecomatin.net\/wp-content\/uploads\/2019\/07\/ecomatin.net-couv-n258-du-lundi-15-juillet-2019-1.jpg?fit=219%2C300&#038;ssl=1\" data-large-file=\"https:\/\/i2.wp.com\/ecomatin.net\/wp-content\/uploads\/2019\/07\/ecomatin.net-couv-n258-du-lundi-15-juillet-2019-1.jpg?fit=747%2C1024&#038;ssl=1\" class=\"wp-image-9782 alignleft\" src=\"https:\/\/i0.wp.com\/ecomatin.net\/wp-content\/uploads\/2019\/07\/ecomatin.net-couv-n259-du-mercredi-17-juillet-2019-1.jpg?resize=241%2C331&#038;ssl=1\" alt=\"\" width=\"241\" height=\"331\" data-recalc-dims=\"1\"\/><\/p>\n<p><\/a><\/strong><\/span><\/h4>\n<h4><span class=\"c2\"><strong>A la<\/strong> <strong>une:<\/strong><\/span><\/h4>\n<p><strong><span class=\"c4\"><span class=\"c3\">\u2013<\/span><\/span><\/strong> <strong><span class=\"c5\">Dette publique : le hit-parade des bailleurs du Cameroun<\/span><\/strong><\/p>\n<h4><span class=\"c3\">Business<\/span><\/h4>\n<p><span class=\"c5\"><span class=\"c3\">\u2013<\/span> Sinistre : l\u2019Etat va supporter la facture de la r\u00e9habilitation de la Sonara<\/span><br \/><span class=\"c5\"><span class=\"c3\">\u2013<\/span> Modernisation du Port de Douala : Les bons points de Cyrus Ngo\u2019o<\/span><\/p>\n<h4><span class=\"c3\">Politiques publiques<\/span><\/h4>\n<p><span class=\"c5\"><span class=\"c3\">\u2013<\/span> Cameroun : L\u2019aide humanitaire couvre moins de 20% des besoins<\/span><br \/><span class=\"c5\"><span class=\"c3\">\u2013<\/span> Africa Ceo Forum : les enjeux du rendez-vous de mars 2020<\/span><\/p>\n<h4><span class=\"c3\">Conjoncture<\/span><\/h4>\n<p><span class=\"c5\"><span class=\"c3\">\u2013<\/span> CDC : le gouvernement annonce un processus de r\u00e8glement des arri\u00e9r\u00e9s<\/span><\/p>\n<p>Auteur: EcoMatin<br \/>\n<a href=\"https:\/\/ecomatin.net\/une-ecomatin-n259-actuellement-en-kiosque\/\">Cliquez ici pour lire l&rsquo;article depuis sa source.<\/a><\/p>\n","protected":false},"excerpt":{"rendered":"<p>A la une: \u2013 Dette publique : le hit-parade des bailleurs du Cameroun Business \u2013 Sinistre : l\u2019Etat va supporter la facture de la r\u00e9habilitation de la Sonara\u2013 Modernisation du Port de Douala : Les bons points de Cyrus Ngo\u2019o Politiques publiques \u2013 Cameroun : L\u2019aide humanitaire couvre moins de 20% des besoins\u2013 Africa Ceo [&hellip;]<\/p>\n","protected":false},"author":1969,"featured_media":0,"comment_status":"closed","ping_status":"closed","sticky":false,"template":"","format":"standard","meta":{"fifu_image_url":"","fifu_image_alt":"","footnotes":""},"categories":[82,78],"tags":[],"class_list":["post-46642","post","type-post","status-publish","format-standard","hentry","category-cameroun","category-economie"],"_links":{"self":[{"href":"https:\/\/linitiative.ca\/International\/wp-json\/wp\/v2\/posts\/46642","targetHints":{"allow":["GET"]}}],"collection":[{"href":"https:\/\/linitiative.ca\/International\/wp-json\/wp\/v2\/posts"}],"about":[{"href":"https:\/\/linitiative.ca\/International\/wp-json\/wp\/v2\/types\/post"}],"author":[{"embeddable":true,"href":"https:\/\/linitiative.ca\/International\/wp-json\/wp\/v2\/users\/1969"}],"replies":[{"embeddable":true,"href":"https:\/\/linitiative.ca\/International\/wp-json\/wp\/v2\/comments?post=46642"}],"version-history":[{"count":0,"href":"https:\/\/linitiative.ca\/International\/wp-json\/wp\/v2\/posts\/46642\/revisions"}],"wp:attachment":[{"href":"https:\/\/linitiative.ca\/International\/wp-json\/wp\/v2\/media?parent=46642"}],"wp:term":[{"taxonomy":"category","embeddable":true,"href":"https:\/\/linitiative.ca\/International\/wp-json\/wp\/v2\/categories?post=46642"},{"taxonomy":"post_tag","embeddable":true,"href":"https:\/\/linitiative.ca\/International\/wp-json\/wp\/v2\/tags?post=46642"}],"curies":[{"name":"wp","href":"https:\/\/api.w.org\/{rel}","templated":true}]}}