{"id":46645,"date":"2019-07-17T06:18:06","date_gmt":"2019-07-17T10:18:06","guid":{"rendered":"https:\/\/linitiative.ca\/International\/le-report-des-locales-et-le-deces-de-tanor-dieng-au-menu-des-quotidiens-senegalais\/"},"modified":"2019-07-17T06:18:06","modified_gmt":"2019-07-17T10:18:06","slug":"le-report-des-locales-et-le-deces-de-tanor-dieng-au-menu-des-quotidiens-senegalais","status":"publish","type":"post","link":"https:\/\/linitiative.ca\/International\/le-report-des-locales-et-le-deces-de-tanor-dieng-au-menu-des-quotidiens-senegalais\/","title":{"rendered":"Le report des locales et le d\u00e9c\u00e8s de Tanor Dieng au menu des quotidiens s\u00e9n\u00e9galais"},"content":{"rendered":"<div readability=\"32\">\n<p>Publi\u00e9 le 17.07.2019 \u00e0 11h18 par APA News<\/p>\n<\/div>\n<div readability=\"104\">\n<p>Les quotidiens s\u00e9n\u00e9galais parvenus mercredi \u00e0 APA traitent essentiellement du report des \u00e9lections locales en juin 2020 et le rapatriement de la d\u00e9pouille du secr\u00e9taire g\u00e9n\u00e9ral du Parti socialiste, Ousmane Tanor Dieng, qui sera enterr\u00e9 aujourd\u2019hui dans son village natal \u00e0 Ngu\u00e9ni\u00e8ne (135 km de Dakar).\u00a0\u00bbOpposition et pouvoir donnent leur caution \u00bb, barre \u00e0 sa Une Sud Quotidien parlant du report des \u00e9lections locales initialement pr\u00e9vues pour d\u00e9cembre 2019.<\/p>\n<p>\u00ab\u00a0Les membres de la Commission cellulaire du dialogue politique ont d\u00e9cid\u00e9 hier, mardi 16 juillet, sur la base d\u2019un consensus, de reporter l\u2019\u00e9lection municipale pr\u00e9vue pour ce 1er d\u00e9cembre. Sur les raisons dudit consensus, Moctar Sorang, coordonnateur du Front d\u00e9mocratique de r\u00e9sistance nationale (Frn), explique que les diff\u00e9rents p\u00f4les ont estim\u00e9 que le travail d\u2019\u00e9valuation du processus \u00e9lectoral de la pr\u00e9sidentielle, tout comme l\u2019audit du fichier par un cabinet ind\u00e9pendant n\u00e9cessiteraient du temps. Un report +gagnant-gagnant+ pour les p\u00f4les de l\u2019opposition et de la majorit\u00e9 \u00bb, \u00e9crit Sud. \u00a0<\/p>\n<p>\u00ab\u00a0Les Locales en juin 2020\u00a0\u00bb, titre de son c\u00f4t\u00e9 le journal Tribune avant de de mentionner dans ses colonnes cette d\u00e9claration du g\u00e9n\u00e9ral Mamadou Niang qui dirige les travaux du dialogue politique\u00a0: \u00ab\u00a0Il me semble plus judicieux de fixer la date des prochaines \u00e9lections locales au 21-30 juin 2020\u00a0\u00bb.<\/p>\n<p>\u00ab \u00a0De 1984 \u00e0 nos jours, les \u00e9lections locales n\u2019ont jamais \u00e9t\u00e9 tenues \u00e0 date \u00e9chue, au S\u00e9n\u00e9gal \u00bb, fait remarquer Enqu\u00eate qui arbore ce titre : \u00ab La mal\u00e9diction des Locales \u00bb.<\/p>\n<p>Les quotidiens s\u00e9n\u00e9galais reviennent \u00e9galement sur la disparition, lundi dernier, du secr\u00e9taire g\u00e9n\u00e9ral du Parti socialiste, Ousmane Tanor Dieng, par ailleurs pr\u00e9sident du Haut Conseil des collectivit\u00e9s territoriales (Hcct).<\/p>\n<p>A ce propos, le quotidien national Le Soleil informe qu\u2019\u00ab\u00a0Hommage national (sera rendu) \u00e0 un homme de consensus\u00a0\u00bb, en l\u2019occurrence, Ousmane Tanor Dieng et que ce dernier \u00ab\u00a0sera inhum\u00e9 \u00e0 Ngu\u00e9ni\u00e8ne aujourd\u2019hui\u00a0\u00bb.<\/p>\n<p>Sous le titre \u00ab\u00a0Le jour des adieux\u00a0\u00bb, Vox Populi souligne que \u00ab\u00a0Macky lui rendra l\u2019hommage de la Nation \u00e0 l\u2019AIBD avant de l\u2019accompagner \u00e0 sa derni\u00e8re demeure \u00e0 Ngu\u00e9ni\u00e8ne\u00a0\u00bb.<\/p>\n<p>\u00ab Le legs d\u2019Ousmane Tanor Dieng connaitra, \u00e0 n\u2019en pas douter, des fortunes diverses. Sa succession \u00e0 la pr\u00e9sidence du Hcct ne devrait pas poser de probl\u00e8me, en revanche, les choses risquent d\u2019\u00eatre compliqu\u00e9es pour ce qui est de la direction du Ps et de la mairie de Ngu\u00e9ni\u00e8ne \u00bb, \u00e9crivent nos confr\u00e8res de Walf Quotidien qui s\u2019int\u00e9ressent au \u00ab Lourd h\u00e9ritage de Tanor \u00bb. \u00a0 \u00a0<\/p>\n<p>En pr\u00e9lude \u00e0 la finale de la Coupe d\u2019Afrique des nations Egypte 2019 pr\u00e9vue vendredi, le quotidien sp\u00e9cialis\u00e9 Stades revient sur \u00ab\u00a0Ces 7 duels chauds entre Lions et Fennecs\u00a0\u00bb, l\u00e0 o\u00f9 Le Quotidien consacre sa parution du jour aux \u00ab\u00a0Sous de la Can\u00a0\u00bb et informe que le vainqueur empochera une prime de 2,7 milliards de FCFA.<\/p>\n<p>\u00ab\u00a0Le S\u00e9n\u00e9gal d\u00e9j\u00e0 assur\u00e9 d\u2019empocher 2 milliards\u00a0; 20 millions \u00e0 chaque Lion en cas de victoire\u00a0\u00bb, souligne le journal.<\/p>\n<\/div>\n<p>Auteur: APA News<br \/>\n<a href=\"https:\/\/www.journalducameroun.com\/le-report-des-locales-et-le-deces-de-tanor-dieng-au-menu-des-quotidiens-senegalais\/\">Cliquez ici pour lire l&rsquo;article depuis sa source.<\/a><\/p>\n","protected":false},"excerpt":{"rendered":"<p>Publi\u00e9 le 17.07.2019 \u00e0 11h18 par APA News Les quotidiens s\u00e9n\u00e9galais parvenus mercredi \u00e0 APA traitent essentiellement du report des \u00e9lections locales en juin 2020 et le rapatriement de la d\u00e9pouille du secr\u00e9taire g\u00e9n\u00e9ral du Parti socialiste, Ousmane Tanor Dieng, qui sera enterr\u00e9 aujourd\u2019hui dans son village natal \u00e0 Ngu\u00e9ni\u00e8ne (135 km de Dakar).\u00a0\u00bbOpposition et [&hellip;]<\/p>\n","protected":false},"author":1965,"featured_media":0,"comment_status":"closed","ping_status":"closed","sticky":false,"template":"","format":"standard","meta":{"fifu_image_url":"","fifu_image_alt":"","footnotes":""},"categories":[73,82],"tags":[],"class_list":["post-46645","post","type-post","status-publish","format-standard","hentry","category-actualite","category-cameroun"],"_links":{"self":[{"href":"https:\/\/linitiative.ca\/International\/wp-json\/wp\/v2\/posts\/46645","targetHints":{"allow":["GET"]}}],"collection":[{"href":"https:\/\/linitiative.ca\/International\/wp-json\/wp\/v2\/posts"}],"about":[{"href":"https:\/\/linitiative.ca\/International\/wp-json\/wp\/v2\/types\/post"}],"author":[{"embeddable":true,"href":"https:\/\/linitiative.ca\/International\/wp-json\/wp\/v2\/users\/1965"}],"replies":[{"embeddable":true,"href":"https:\/\/linitiative.ca\/International\/wp-json\/wp\/v2\/comments?post=46645"}],"version-history":[{"count":0,"href":"https:\/\/linitiative.ca\/International\/wp-json\/wp\/v2\/posts\/46645\/revisions"}],"wp:attachment":[{"href":"https:\/\/linitiative.ca\/International\/wp-json\/wp\/v2\/media?parent=46645"}],"wp:term":[{"taxonomy":"category","embeddable":true,"href":"https:\/\/linitiative.ca\/International\/wp-json\/wp\/v2\/categories?post=46645"},{"taxonomy":"post_tag","embeddable":true,"href":"https:\/\/linitiative.ca\/International\/wp-json\/wp\/v2\/tags?post=46645"}],"curies":[{"name":"wp","href":"https:\/\/api.w.org\/{rel}","templated":true}]}}