{"id":46648,"date":"2019-07-17T06:50:01","date_gmt":"2019-07-17T10:50:01","guid":{"rendered":"https:\/\/linitiative.ca\/International\/turquie-acquittement-du-representant-de-rsf-juge-pour-propagande-terroriste\/"},"modified":"2019-07-17T06:50:01","modified_gmt":"2019-07-17T10:50:01","slug":"turquie-acquittement-du-representant-de-rsf-juge-pour-propagande-terroriste","status":"publish","type":"post","link":"https:\/\/linitiative.ca\/International\/turquie-acquittement-du-representant-de-rsf-juge-pour-propagande-terroriste\/","title":{"rendered":"Turquie : acquittement du repr\u00e9sentant de RSF, jug\u00e9 pour \u00ab\u00a0propagande terroriste\u00a0\u00bb"},"content":{"rendered":"<div readability=\"32\">\n<p>Publi\u00e9 le 17.07.2019 \u00e0 11h50 par AFP<\/p>\n<\/div>\n<div readability=\"137\">\n<p>Le repr\u00e9sentant de Reporters Sans Fronti\u00e8res (RSF) en Turquie, accus\u00e9 de \u00ab\u00a0propagande terroriste\u00a0\u00bb pour avoir collabor\u00e9 \u00e0 un journal prokurde, a \u00e9t\u00e9 acquitt\u00e9 mercredi \u00e0 l\u2019issue d\u2019un long proc\u00e8s qui avait aviv\u00e9 les inqui\u00e9tudes face \u00e0 l\u2019\u00e9rosion de la libert\u00e9 d\u2019expression dans le pays.<\/p>\n<p>La d\u00e9cision du juge d\u2019acquitter Erol \u00d6nderoglu, qui n\u2019\u00e9tait pas pr\u00e9sent au tribunal, a \u00e9t\u00e9 salu\u00e9e par des applaudissements dans la salle d\u2019audience au Palais de justice d\u2019Istanbul, selon un correspondant de l\u2019AFP sur place.<\/p>\n<p>M. \u00d6nderoglu risquait plus de 14 ans de prison pour avoir particip\u00e9 \u00e0 une campagne de solidarit\u00e9 avec \u00d6zg\u00fcr G\u00fcndem, un quotidien ferm\u00e9 car accus\u00e9 de liens avec la r\u00e9bellion kurde.<\/p>\n<p>L\u2019\u00e9crivain-journaliste Ahmet Nesin et la pr\u00e9sidente de la Fondation des Droits de l\u2019Homme, Sebnem Korur Fincanci, qui \u00e9taient jug\u00e9s lors du m\u00eame proc\u00e8s, ont \u00e9galement \u00e9t\u00e9 acquitt\u00e9s.<\/p>\n<p>Ils avaient tous les trois \u00e9t\u00e9 arr\u00eat\u00e9s en juin 2016 pendant une dizaine de jours avant d\u2019\u00eatre laiss\u00e9s en libert\u00e9 conditionnelle pendant leur long proc\u00e8s sous les accusations de \u00ab\u00a0propagande terroriste\u00a0\u00bb, \u00ab\u00a0apologie du crime\u00a0\u00bb et \u00ab\u00a0incitation au crime\u00a0\u00bb.<\/p>\n<p>Le tribunal a en outre jug\u00e9 qu\u2019ils pouvaient r\u00e9clamer \u00ab\u00a0une compensation financi\u00e8re\u00a0\u00bb pour les jours pass\u00e9s en d\u00e9tention.<\/p>\n<p>\u00ab\u00a0Nous sommes profond\u00e9ment soulag\u00e9s par l\u2019acquittement d\u2019Erol \u00d6nderoglu et de ses coll\u00e8gues. Mais trois ans de proc\u00e9dures absurdes constituent d\u00e9j\u00e0 une forme de punition\u00a0\u00bb, a r\u00e9agi RSF dans un tweet.<\/p>\n<p>\u2013 Les pr\u00e9venus \u00ab\u00a0surpris \u00a0\u00bb \u2013<\/p>\n<p>M. \u00d6nderoglu, qui se trouve actuellement \u00e0 l\u2019\u00e9tranger, est poursuivi sous la m\u00eame accusation de \u00ab\u00a0propagande terroriste\u00a0\u00bb dans le cadre d\u2019un autre proc\u00e8s, qui doit s\u2019ouvrir le 7 novembre, pour avoir soutenu des universitaires ayant sign\u00e9 une p\u00e9tition appelant \u00e0 la fin des op\u00e9rations s\u00e9curitaires dans le sud-est \u00e0 majorit\u00e9 kurde de la Turquie.<\/p>\n<p>\u00ab\u00a0Ces accusations doivent \u00eatre abandonn\u00e9es\u00a0\u00bb, a ajout\u00e9 RSF dans son tweet.<\/p>\n<p>\u00ab\u00a0L\u2019acquittement d\u2019Erol Onderoglu, repr\u00e9sentant de @RSF_inter en Turquie poursuivi pour propagande terroriste depuis trois ans, est une victoire exceptionnelle de la justice et de la libert\u00e9 de la presse dans un pays o\u00f9 l\u2019une et l\u2019autre sont viol\u00e9es chaque jour\u00a0\u00bb, s\u2019est pour sa part f\u00e9licit\u00e9 le secr\u00e9taire g\u00e9n\u00e9ral de RSF Christophe Deloire, \u00e9galement sur Twitter.<\/p>\n<p>Ces acquittements tranchent avec la s\u00e9v\u00e9rit\u00e9 avec laquelle la justice turque a s\u00e9vi ces derni\u00e8res ann\u00e9es contre les voix critiques et les m\u00e9dias d\u2019opposition, le cas le plus embl\u00e9matique \u00e9tant celui du journal Cumhuriyet dont plusieurs collaborateurs ont \u00e9t\u00e9 condamn\u00e9s \u00e0 des peines de prison.<\/p>\n<p>Dans des d\u00e9clarations \u00e0 l\u2019AFP avant son d\u00e9part \u00e0 l\u2019\u00e9tranger en d\u00e9but de semaine, M. \u00d6nderoglu s\u2019\u00e9tait lui m\u00eame montr\u00e9 pessimiste.<\/p>\n<p>\u00ab\u00a0Difficile d\u2019esp\u00e9rer d\u2019\u00eatre acquitt\u00e9 \u00e0 l\u2019heure o\u00f9 des journalistes de Cumhuriyet, des universitaires comme Tuna Altinel ou F\u00fcsun Ustel sont priv\u00e9s de leur libert\u00e9 depuis des mois et alors que la justice est plus que jamais \u00e0 la botte du pouvoir\u00a0\u00bb, a-t-il dit.<\/p>\n<p>\u00ab\u00a0Ces deux dossiers judiciaires \u00e0 mon encontre, au-del\u00e0 de mon cas personnel, sont le reflet de la menace qui p\u00e8se sur ceux qui luttent en Turquie pour une soci\u00e9t\u00e9 plus tol\u00e9rante et transparente\u00a0\u00bb, a ajout\u00e9 M. \u00d6nderoglu qui doit revenir \u00e0 Istanbul la semaine prochaine.<\/p>\n<p>Mme Fincanci, seule pr\u00e9venue qui \u00e9tait pr\u00e9sente \u00e0 l\u2019audience, s\u2019est dite \u00ab\u00a0surprise\u00a0\u00bb par son acquittement.<\/p>\n<p>\u00ab\u00a0Je suis tr\u00e8s surprise, je ne sais pas comment r\u00e9agir\u00a0\u00bb, a-t-elle dit \u00e0 l\u2019AFP. \u00ab\u00a0C\u2019\u00e9tait la seule issue possible mais ce proc\u00e8s n\u2019aurait pas d\u00fb avoir lieu \u00e0 la base\u00a0\u00bb.<\/p>\n<p>L\u2019arrestation de M. \u00d6nderoglu en juin 2016 et les poursuites engag\u00e9es contre lui avaient entra\u00een\u00e9 une vague de protestations en Turquie et \u00e0 l\u2019\u00e9tranger.<\/p>\n<p>Le r\u00e9gime islamo-conservateur du pr\u00e9sident Recep Tayyip Erdogan, dont le parti est au pouvoir depuis 2002, est accus\u00e9 de museler la presse ind\u00e9pendante en Turquie, en particulier depuis la tentative de coup d\u2019Etat du 15 juillet, suivie de purges d\u2019une ampleur sans pr\u00e9c\u00e9dent.<\/p>\n<p>La Turquie occupe la 157\u00e8me place sur 180 au classement 2018 de la libert\u00e9 de la presse \u00e9tabli par RSF.<\/p>\n<\/div>\n<p>Auteur: AFP<br \/>\n<a href=\"https:\/\/www.journalducameroun.com\/turquie-acquittement-du-representant-de-rsf-juge-pour-propagande-terroriste\/\">Cliquez ici pour lire l&rsquo;article depuis sa source.<\/a><\/p>\n","protected":false},"excerpt":{"rendered":"<p>Publi\u00e9 le 17.07.2019 \u00e0 11h50 par AFP Le repr\u00e9sentant de Reporters Sans Fronti\u00e8res (RSF) en Turquie, accus\u00e9 de \u00ab\u00a0propagande terroriste\u00a0\u00bb pour avoir collabor\u00e9 \u00e0 un journal prokurde, a \u00e9t\u00e9 acquitt\u00e9 mercredi \u00e0 l\u2019issue d\u2019un long proc\u00e8s qui avait aviv\u00e9 les inqui\u00e9tudes face \u00e0 l\u2019\u00e9rosion de la libert\u00e9 d\u2019expression dans le pays. La d\u00e9cision du juge [&hellip;]<\/p>\n","protected":false},"author":1965,"featured_media":0,"comment_status":"closed","ping_status":"closed","sticky":false,"template":"","format":"standard","meta":{"fifu_image_url":"","fifu_image_alt":"","footnotes":""},"categories":[73,82],"tags":[],"class_list":["post-46648","post","type-post","status-publish","format-standard","hentry","category-actualite","category-cameroun"],"_links":{"self":[{"href":"https:\/\/linitiative.ca\/International\/wp-json\/wp\/v2\/posts\/46648","targetHints":{"allow":["GET"]}}],"collection":[{"href":"https:\/\/linitiative.ca\/International\/wp-json\/wp\/v2\/posts"}],"about":[{"href":"https:\/\/linitiative.ca\/International\/wp-json\/wp\/v2\/types\/post"}],"author":[{"embeddable":true,"href":"https:\/\/linitiative.ca\/International\/wp-json\/wp\/v2\/users\/1965"}],"replies":[{"embeddable":true,"href":"https:\/\/linitiative.ca\/International\/wp-json\/wp\/v2\/comments?post=46648"}],"version-history":[{"count":0,"href":"https:\/\/linitiative.ca\/International\/wp-json\/wp\/v2\/posts\/46648\/revisions"}],"wp:attachment":[{"href":"https:\/\/linitiative.ca\/International\/wp-json\/wp\/v2\/media?parent=46648"}],"wp:term":[{"taxonomy":"category","embeddable":true,"href":"https:\/\/linitiative.ca\/International\/wp-json\/wp\/v2\/categories?post=46648"},{"taxonomy":"post_tag","embeddable":true,"href":"https:\/\/linitiative.ca\/International\/wp-json\/wp\/v2\/tags?post=46648"}],"curies":[{"name":"wp","href":"https:\/\/api.w.org\/{rel}","templated":true}]}}