{"id":46651,"date":"2019-07-17T05:29:11","date_gmt":"2019-07-17T09:29:11","guid":{"rendered":"https:\/\/linitiative.ca\/International\/tunisie-un-avocat-tire-un-coup-de-feu-sur-un-jeune-a-sousse\/"},"modified":"2019-07-17T05:29:11","modified_gmt":"2019-07-17T09:29:11","slug":"tunisie-un-avocat-tire-un-coup-de-feu-sur-un-jeune-a-sousse","status":"publish","type":"post","link":"https:\/\/linitiative.ca\/International\/tunisie-un-avocat-tire-un-coup-de-feu-sur-un-jeune-a-sousse\/","title":{"rendered":"Tunisie: Un avocat tire un coup de feu sur un jeune \u00e0 Sousse"},"content":{"rendered":"<div class=\"post-cont-in left relative\">\n<div class=\"swp_social_panel swp_horizontal_panel swp_flat_fresh swp_default_full_color swp_individual_full_color swp_other_full_color scale-100 scale-\" data-min-width=\"1100\" data-float-color=\"#ffffff\" data-float=\"none\" data-float-mobile=\"none\" data-transition=\"slide\">\n<div class=\"nc_tweetContainer swp_share_button total_shares total_sharesalt\"><span class=\"swp_count\">68 <span class=\"swp_label\">Partages<\/span><\/span><\/div>\n<\/div>\n<p>Un jeune homme est d\u00e9c\u00e9d\u00e9 mercredi matin, 17 juillet 2019, des suites d\u2019une grave blessure par balle \u00e0 Sousse.<\/p>\n<p>Un avocat a tir\u00e9 sur la victime, la vingtaine, au moment o\u00f9 deux autres personnes ont tent\u00e9 de voler sa maison, selon les donn\u00e9es pr\u00e9liminaires.<\/p>\n<div class=\"code-block code-block-1 c3\"><ins class=\"adsbygoogle c2\" data-ad-layout=\"in-article\" data-ad-format=\"fluid\" data-ad-client=\"ca-pub-2102118777505746\" data-ad-slot=\"7301775417\"\/> <\/div>\n<p>Un juge d\u2019instruction s\u2019est rendu sur place avec le repr\u00e9sentant du minist\u00e8re public pour mener les inspections n\u00e9cessaires, dans l\u2019attente des r\u00e9sultats de l\u2019enqu\u00eate, a rapport\u00e9 radio Mosa\u00efque Fm.<\/p>\n<div class=\"mvp-org-wrap mvp-org-logo\" itemprop=\"publisher\" itemscope=\"\" itemtype=\"https:\/\/schema.org\/Organization\"><img decoding=\"async\" src=\"https:\/\/www.tunisienumerique.com\/wp-content\/uploads\/2017\/02\/logo_tunisie_numerique.png\"\/><\/div>\n<div class=\"swp_social_panel swp_horizontal_panel swp_flat_fresh swp_default_full_color swp_individual_full_color swp_other_full_color scale-100 scale-\" data-min-width=\"1100\" data-float-color=\"#ffffff\" data-float=\"none\" data-float-mobile=\"none\" data-transition=\"slide\">\n<div class=\"nc_tweetContainer swp_share_button total_shares total_sharesalt\"><span class=\"swp_count\">68 <span class=\"swp_label\">Partages<\/span><\/span><\/div>\n<\/div>\n<div class=\"mvp-related-posts left relative\">\n<h4 class=\"post-header\"><span class=\"post-header\">Lire aussi<\/span><\/h4>\n<\/div>\n<\/div>\n<p>Auteur: Mourad S<br \/>\n<a href=\"https:\/\/www.tunisienumerique.com\/tunisie-un-avocat-tire-un-coup-de-feu-sur-un-jeune-a-sousse\/\">Cliquez ici pour lire l&rsquo;article depuis sa source.<\/a><\/p>\n","protected":false},"excerpt":{"rendered":"<p>68 Partages Un jeune homme est d\u00e9c\u00e9d\u00e9 mercredi matin, 17 juillet 2019, des suites d\u2019une grave blessure par balle \u00e0 Sousse. Un avocat a tir\u00e9 sur la victime, la vingtaine, au moment o\u00f9 deux autres personnes ont tent\u00e9 de voler sa maison, selon les donn\u00e9es pr\u00e9liminaires. Un juge d\u2019instruction s\u2019est rendu sur place avec le [&hellip;]<\/p>\n","protected":false},"author":1789,"featured_media":46652,"comment_status":"closed","ping_status":"closed","sticky":false,"template":"","format":"standard","meta":{"fifu_image_url":"","fifu_image_alt":"","footnotes":""},"categories":[73,55],"tags":[],"class_list":["post-46651","post","type-post","status-publish","format-standard","has-post-thumbnail","hentry","category-actualite","category-tunisie"],"_links":{"self":[{"href":"https:\/\/linitiative.ca\/International\/wp-json\/wp\/v2\/posts\/46651","targetHints":{"allow":["GET"]}}],"collection":[{"href":"https:\/\/linitiative.ca\/International\/wp-json\/wp\/v2\/posts"}],"about":[{"href":"https:\/\/linitiative.ca\/International\/wp-json\/wp\/v2\/types\/post"}],"author":[{"embeddable":true,"href":"https:\/\/linitiative.ca\/International\/wp-json\/wp\/v2\/users\/1789"}],"replies":[{"embeddable":true,"href":"https:\/\/linitiative.ca\/International\/wp-json\/wp\/v2\/comments?post=46651"}],"version-history":[{"count":0,"href":"https:\/\/linitiative.ca\/International\/wp-json\/wp\/v2\/posts\/46651\/revisions"}],"wp:featuredmedia":[{"embeddable":true,"href":"https:\/\/linitiative.ca\/International\/wp-json\/"}],"wp:attachment":[{"href":"https:\/\/linitiative.ca\/International\/wp-json\/wp\/v2\/media?parent=46651"}],"wp:term":[{"taxonomy":"category","embeddable":true,"href":"https:\/\/linitiative.ca\/International\/wp-json\/wp\/v2\/categories?post=46651"},{"taxonomy":"post_tag","embeddable":true,"href":"https:\/\/linitiative.ca\/International\/wp-json\/wp\/v2\/tags?post=46651"}],"curies":[{"name":"wp","href":"https:\/\/api.w.org\/{rel}","templated":true}]}}