{"id":46655,"date":"2019-07-17T06:50:03","date_gmt":"2019-07-17T10:50:03","guid":{"rendered":"https:\/\/linitiative.ca\/International\/allemagne-la-dauphine-de-merkel-a-la-defense-une-promotion\/"},"modified":"2019-07-17T06:50:03","modified_gmt":"2019-07-17T10:50:03","slug":"allemagne-la-dauphine-de-merkel-a-la-defense-une-promotion","status":"publish","type":"post","link":"https:\/\/linitiative.ca\/International\/allemagne-la-dauphine-de-merkel-a-la-defense-une-promotion\/","title":{"rendered":"Allemagne : la dauphine de Merkel \u00e0 la D\u00e9fense, une promotion"},"content":{"rendered":"<div readability=\"32\">\n<p>Publi\u00e9 le 17.07.2019 \u00e0 11h50 par AFP<\/p>\n<\/div>\n<div readability=\"93\">\n<p>Annegret Kramp-Karrenbauer, dauphine pressentie d\u2019Angela Merkel, est devenue mercredi ministre de la D\u00e9fense en remplacement d\u2019Ursula von der Leyen, une promotion visant \u00e0 la relancer dans la course \u00e0 la chancellerie, selon la presse allemande.<\/p>\n<p>Des c\u00e9r\u00e9monies de passation de pouvoir entre les deux femmes ont eu lieu dans la matin\u00e9e \u00e0 Berlin.<\/p>\n<p>Surnomm\u00e9e \u00ab\u00a0AKK\u00a0\u00bb, la d\u00e9signation surprise de la cheffe du parti chr\u00e9tien-d\u00e9mocrate est, selon le site du magazine Der Spiegel, \u00ab\u00a0la derni\u00e8re chance d\u2019Annegret Kramp-Karrenbauer\u00a0\u00bb pour s\u2019assurer de succ\u00e9der \u00e0 Mme Merkel, qui compte se retirer en 2021, ann\u00e9e des prochaines l\u00e9gislatives.<\/p>\n<p>Le minist\u00e8re de la D\u00e9fense doit lui permettre d&rsquo;\u00a0\u00bbenfin montrer qu\u2019elle est \u00e9galement capable d\u2019\u00e9voluer en politique \u00e9trang\u00e8re et de s\u00e9curit\u00e9\u00a0\u00bb, rel\u00e8ve-t-il, notant que 180.000 soldats et un budget de 44 milliards d\u2019euros d\u00e9pendront d\u2019elle.<\/p>\n<p>\u00ab\u00a0C\u2019est un geste puissant. Elle s\u2019engage et prend en charge le minist\u00e8re le plus difficile. Les chances de gagner gros sont l\u00e0; mais le risque d\u2019\u00e9chec est aussi plus grand\u00a0\u00bb, estime la cha\u00eene publique ZDF.<\/p>\n<p>Car en Allemagne, le poste de ministre de la D\u00e9fense s\u2019accompagne de difficult\u00e9s profondes, tant les scandales se sont multipli\u00e9s ces derniers ann\u00e9es, qu\u2019il s\u2019agisse des \u00e9quipements v\u00e9tustes, de groupuscules d\u2019extr\u00eame droite actifs dans les rangs ou de pol\u00e9miques sur le co\u00fbt des experts recrut\u00e9s.<\/p>\n<p>Mme von der Leyen, qui part pour la pr\u00e9sidence de la Commission europ\u00e9enne, \u00e9tait d\u2019ailleurs parmi les ministres allemands les moins populaires.<\/p>\n<p>La nomination de Mme Kramp-Karrenbauer constitue une surprise, notamment car elle avait \u00e0 plusieurs reprises affirm\u00e9 ne pas viser de minist\u00e8re. Selon elle, diriger la CDU est \u00ab\u00a0un job \u00e0 plein temps\u00a0\u00bb.<\/p>\n<p>\u00ab\u00a0AKK\u00a0\u00bb avait cependant besoin d\u2019un nouveau d\u00e9part pour pouvoir continuer d\u2019ambitionner de remplacer Mme Merkel.<\/p>\n<p>Apr\u00e8s des \u00e9lections europ\u00e9ennes en demi-teinte et avant une s\u00e9rie de r\u00e9gionales difficiles dans l\u2019est de l\u2019Allemagne, les sondages sont en effet catastrophiques pour elle.<\/p>\n<p>Selon une enqu\u00eate d\u2019opinion du mois de juin de la cha\u00eene ZDF, 71% des Allemands consid\u00e8rent qu\u2019elle ne conviendrait pas en tant que chanceli\u00e8re.<\/p>\n<\/div>\n<p>Auteur: AFP<br \/>\n<a href=\"https:\/\/www.journalducameroun.com\/allemagne-la-dauphine-de-merkel-a-la-defense-une-promotion\/\">Cliquez ici pour lire l&rsquo;article depuis sa source.<\/a><\/p>\n","protected":false},"excerpt":{"rendered":"<p>Publi\u00e9 le 17.07.2019 \u00e0 11h50 par AFP Annegret Kramp-Karrenbauer, dauphine pressentie d\u2019Angela Merkel, est devenue mercredi ministre de la D\u00e9fense en remplacement d\u2019Ursula von der Leyen, une promotion visant \u00e0 la relancer dans la course \u00e0 la chancellerie, selon la presse allemande. Des c\u00e9r\u00e9monies de passation de pouvoir entre les deux femmes ont eu lieu [&hellip;]<\/p>\n","protected":false},"author":1965,"featured_media":0,"comment_status":"closed","ping_status":"closed","sticky":false,"template":"","format":"standard","meta":{"fifu_image_url":"","fifu_image_alt":"","footnotes":""},"categories":[73,82],"tags":[],"class_list":["post-46655","post","type-post","status-publish","format-standard","hentry","category-actualite","category-cameroun"],"_links":{"self":[{"href":"https:\/\/linitiative.ca\/International\/wp-json\/wp\/v2\/posts\/46655","targetHints":{"allow":["GET"]}}],"collection":[{"href":"https:\/\/linitiative.ca\/International\/wp-json\/wp\/v2\/posts"}],"about":[{"href":"https:\/\/linitiative.ca\/International\/wp-json\/wp\/v2\/types\/post"}],"author":[{"embeddable":true,"href":"https:\/\/linitiative.ca\/International\/wp-json\/wp\/v2\/users\/1965"}],"replies":[{"embeddable":true,"href":"https:\/\/linitiative.ca\/International\/wp-json\/wp\/v2\/comments?post=46655"}],"version-history":[{"count":0,"href":"https:\/\/linitiative.ca\/International\/wp-json\/wp\/v2\/posts\/46655\/revisions"}],"wp:attachment":[{"href":"https:\/\/linitiative.ca\/International\/wp-json\/wp\/v2\/media?parent=46655"}],"wp:term":[{"taxonomy":"category","embeddable":true,"href":"https:\/\/linitiative.ca\/International\/wp-json\/wp\/v2\/categories?post=46655"},{"taxonomy":"post_tag","embeddable":true,"href":"https:\/\/linitiative.ca\/International\/wp-json\/wp\/v2\/tags?post=46655"}],"curies":[{"name":"wp","href":"https:\/\/api.w.org\/{rel}","templated":true}]}}