{"id":46656,"date":"2019-07-16T18:23:59","date_gmt":"2019-07-16T22:23:59","guid":{"rendered":"https:\/\/linitiative.ca\/International\/fonds-dappui-a-la-presse-privee-le-premier-appel-a-projets-lance\/"},"modified":"2019-07-16T18:23:59","modified_gmt":"2019-07-16T22:23:59","slug":"fonds-dappui-a-la-presse-privee-le-premier-appel-a-projets-lance","status":"publish","type":"post","link":"https:\/\/linitiative.ca\/International\/fonds-dappui-a-la-presse-privee-le-premier-appel-a-projets-lance\/","title":{"rendered":"Fonds d\u2019appui \u00e0 la presse priv\u00e9e\u00a0: le premier appel \u00e0 projets lanc\u00e9"},"content":{"rendered":"<div class=\"td-post-featured-image\"><a href=\"https:\/\/i1.wp.com\/www.sidwaya.info\/wp-content\/uploads\/2019\/07\/on-m.jpg?fit=787%2C525&#038;ssl=1\" data-caption=\"\"><img loading=\"lazy\" decoding=\"async\" width=\"696\" height=\"464\" class=\"entry-thumb td-modal-image\" src=\"https:\/\/i1.wp.com\/www.sidwaya.info\/wp-content\/uploads\/2019\/07\/on-m.jpg?resize=696%2C464&#038;ssl=1\" srcset=\"https:\/\/i1.wp.com\/www.sidwaya.info\/wp-content\/uploads\/2019\/07\/on-m.jpg?w=787&#038;ssl=1 787w, https:\/\/i1.wp.com\/www.sidwaya.info\/wp-content\/uploads\/2019\/07\/on-m.jpg?resize=300%2C200&#038;ssl=1 300w, https:\/\/i1.wp.com\/www.sidwaya.info\/wp-content\/uploads\/2019\/07\/on-m.jpg?resize=768%2C512&#038;ssl=1 768w, https:\/\/i1.wp.com\/www.sidwaya.info\/wp-content\/uploads\/2019\/07\/on-m.jpg?resize=696%2C464&#038;ssl=1 696w, https:\/\/i1.wp.com\/www.sidwaya.info\/wp-content\/uploads\/2019\/07\/on-m.jpg?resize=630%2C420&#038;ssl=1 630w\" sizes=\"auto, (max-width: 696px) 100vw, 696px\" alt=\"\" title=\"on m\"\/><\/a><\/div>\n<p><strong>Fonds d\u2019appui \u00e0 la presse priv\u00e9e\u00a0: le premier appel \u00e0 projets lanc\u00e9<\/strong><\/p>\n<p>Comme nombre de ses compatriotes, Kantigui a lu dans la presse, le communiqu\u00e9 de lancement du premier appel \u00e0 projets du Fonds d\u2019appui \u00e0 la presse priv\u00e9e (FAPP) pour le financement de projets structurants. Il a pu prendre connaissance des conditions que les entreprises de presse doivent remplir afin de pr\u00e9tendre aux financements. Selon le communiqu\u00e9, celles-ci doivent \u00eatre reconnues, disposer de documents de cr\u00e9ation et de fonctionnement, \u00eatre inscrites au registre du commerce et du cr\u00e9dit mobilier, \u00eatre \u00e0 jour vis-\u00e0-vis de la r\u00e8glementation du secteur des m\u00e9dias priv\u00e9s et de la r\u00e8glementation fiscale et sociale. Par ailleurs, il en ressort que les candidats doivent pr\u00e9senter des projets rentables. Pour ceux qui ne le savaient pas, Kantigui les informe que les dossiers de candidature seront re\u00e7us du 22 juillet au 22 ao\u00fbt 2019, de 8 heures \u00e0 15 heures au secr\u00e9tariat de la Direction g\u00e9n\u00e9rale du FAPP, \u00e0 Ouagadougou. Tout en saluant l\u2019initiative, Kantigui souhaite bonne chance aux postulants.<\/p>\n<p><strong>Les ambitions des jeunes de Dassa<\/strong><\/p>\n<p>Quelle ne fut pas la joie de Kantigui d\u2019apprendre que les jeunes de Dassa, une localit\u00e9 situ\u00e9e dans la province du Sangui\u00e9, entendent d\u00e9sormais dynamiser et animer la vie socio\u00e9conomique et culturelle de ce village\u00a0! Pour ce faire, ils ont lanc\u00e9 un mouvement d\u00e9nomm\u00e9 \u00abFamilles au village\u00bb, avec pour objectif de promouvoir le d\u00e9veloppement social, \u00e9conomique et culturel de Dassa, \u00e0 travers une s\u00e9rie d\u2019activit\u00e9s et le rassemblement des diff\u00e9rentes familles au village. Au titre des activit\u00e9s, il est pr\u00e9vu un reboisement, un match de football, des animations musicales et des conf\u00e9rences autour de plusieurs th\u00e8mes, notamment \u00abL\u2019historique du peuplement de Dassa\u00bb et \u00abLa probl\u00e9matique de l\u2019implication et de la participation des jeunes dans le d\u00e9veloppement socio\u00e9conomique de Dassa\u00a0: r\u00f4les et d\u00e9fis\u00bb. Kantigui a appris, que la premi\u00e8re \u00e9dition de cette activit\u00e9 est pr\u00e9vue se tenir le samedi 27 juillet 2019 \u00e0 Dassa, sous le parrainage de Th\u00e9odore Bado, instituteur \u00e0 la retraite. Au regard de l\u2019importance de ce genre d\u2019initiatives pour le d\u00e9veloppement local, Kantigui salue la volont\u00e9 de la jeunesse de Dassa de prendre en main la destin\u00e9e de leur village.<\/p>\n<p><strong>Le FONY 2019 s\u2019internationalise<\/strong><\/p>\n<p>Kantigui a appris que la 5e \u00e9dition du festival Ouaga-New York (FONY) du promoteur culturel burkinab\u00e8 G\u00e9rard Kiswensida Koala, se d\u00e9roulera le dimanche 22 septembre 2019 \u00e0 New York. Selon les sources de Kantigui, les organisateurs de cette \u00e9dition ont d\u00e9cid\u00e9 de mettre les petits plats dans les grands avec des innovations majeures. Entre autres, le spectacle, gratuit, se d\u00e9roulera en plein air, avec des artistes de renomm\u00e9e africaine et internationale. Plac\u00e9 sous le th\u00e8me\u00a0: \u00abCulture sans fronti\u00e8re\u00bb, l\u2019\u00e9v\u00e8nement conna\u00eetra la participation de plusieurs artistes dont le musicien burkinab\u00e8 Arun, Napol\u00e9on du Cameroun, Django Diabat\u00e9 du Mali, Katala Nkumu de la RD Congo et d\u2019une troupe de danse gourounsi de New York. Un d\u00e9fil\u00e9 de mode avec des stylistes burkinab\u00e8 et ivoiriens est \u00e9galement inscrit au programme de ce rendez-vous culturel, qui aura lieu au state Building Adam Clayton Powell Jr Boulevard sur la 125e rue en plein c\u0153ur de Harlem \u00e0 New York. Selon les \u00e9chos parvenus \u00e0 Kantigui, les organisateurs sont en discussion avec de nombreux autres poids lourds de la musique et de la mode africaine pour faire de la 5e \u00e9dition, une f\u00eate inoubliable.<\/p>\n<p><strong>Suspension de l\u2019arr\u00eat\u00e9 d\u2019\u00e9quivalence entre la ma\u00eetrise et la licence LMD<\/strong><\/p>\n<p>A la suite d\u2019une demande en r\u00e9f\u00e9r\u00e9-suspension introduite par Wagnom\u00e9 Dabir\u00e9, le 18 f\u00e9vrier 2019, Kantigui a appris que le Conseil d\u2019Etat a ordonn\u00e9, le lundi 15 juillet 2019, la suspension de l\u2019ex\u00e9cution de l\u2019arr\u00eat\u00e9 n\u00b02018-529\/PRES\/PM\/MESRSI du ministre de l\u2019Enseignement sup\u00e9rieur, de la Recherche scientifique et de l\u2019Innovation, portant \u00e9quivalence des comp\u00e9tences acquises dans les \u00e9tudes de Ma\u00eetrise en Droit du syst\u00e8me classique et les \u00e9tudes en Licence-Master-Doctorat (LMD). De ce qui est revenue Kantigui, la requ\u00eate au fond sera examin\u00e9e ult\u00e9rieurement. Cette d\u00e9cision intervient au moment o\u00f9 le minist\u00e8re de la Fonction publique, du Travail et de la S\u00e9curit\u00e9 sociale, \u00e0 la faveur de la session 2019 des concours directs, autorise les \u00e9tudiants titulaires de la licence LMD \u00e0 prendre part aux concours, au m\u00eame titre que ceux de la ma\u00eetrise en Droit. Cette mesure avait suscit\u00e9 beaucoup d\u2019espoir pour de nombreux \u00e9tudiants et Kantigui est curieux de savoir la suite qui sera r\u00e9serv\u00e9e \u00e0 l\u2019affaire.<\/p>\n<p><strong>Unit\u00e9 antidrogue : le commissaire Richard B\u00e9lem limog\u00e9<\/strong><\/p>\n<p>Les premiers r\u00e9sultats de l\u2019enqu\u00eate diligent\u00e9e par la justice pour \u00e9lucider le d\u00e9c\u00e8s de 11 personnes dans les locaux de l\u2019Unit\u00e9 antidrogue \u00e0 Ouagadougou ne sont pas encore connus. Mais Kantigui a appris que les autorit\u00e9s ont d\u2019ores et d\u00e9j\u00e0 pris plusieurs mesures conservatoires. Une source proche du dossier a confi\u00e9 que ce drame serait la cons\u00e9quence d\u2019une \u00abn\u00e9gligence et dune irresponsabilit\u00e9\u00bb. En attendant les \u00e9l\u00e9ments de l\u2019enqu\u00eate ouverte dans la foul\u00e9e par la procureure du Faso, Ma\u00efza S\u00e9r\u00e9m\u00e9, pour d\u00e9terminer les causes de ces d\u00e9c\u00e8s, et d\u2019apr\u00e8s les informations, le commissaire de l\u2019unit\u00e9 antidrogue, Richard B\u00e9lem, a \u00e9t\u00e9 relev\u00e9 de ses fonctions \u00e0 \u00abtitre conservatoire\u00bb, sur d\u00e9cision de la Direction g\u00e9n\u00e9rale de la Police nationale. Kantigui note que les victimes \u00e9taient en garde \u00e0 vue avec une trentaine d\u2019autres d\u00e9tenus dans les locaux de l\u2019Unit\u00e9 antidrogue de la Police. Kantigui esp\u00e8re en savoir davantage aujourd\u2019hui \u00e0 l\u2019issue de l\u2019hebdomadaire Conseil des ministres.<\/p>\n<p class=\"c1\"><strong>Kantigui kantigui2000@gmail.com (00226) 25 31 22 89<\/strong><\/p>\n<div class=\"td-a-rec td-a-rec-id-content_bottom td_uid_30_5d2f0912a159e_rand td_block_template_1\"><img loading=\"lazy\" decoding=\"async\" class=\"aligncenter size-full wp-image-9623\" src=\"https:\/\/www.sidwaya.info\/wp-content\/uploads\/2019\/06\/Projet-bannie%CC%80re-Orange-mobile.jpg\" alt=\"\" width=\"728\" height=\"81\"\/><\/div>\n<p>Auteur: DD. Sidwaya<br \/>\n<a href=\"https:\/\/www.sidwaya.info\/blog\/2019\/07\/16\/fonds-dappui-a-la-presse-privee-le-premier-appel-a-projets-lance\/\">Cliquez ici pour lire l&rsquo;article depuis sa source.<\/a><\/p>\n","protected":false},"excerpt":{"rendered":"<p>Fonds d\u2019appui \u00e0 la presse priv\u00e9e\u00a0: le premier appel \u00e0 projets lanc\u00e9 Comme nombre de ses compatriotes, Kantigui a lu dans la presse, le communiqu\u00e9 de lancement du premier appel \u00e0 projets du Fonds d\u2019appui \u00e0 la presse priv\u00e9e (FAPP) pour le financement de projets structurants. Il a pu prendre connaissance des conditions que les [&hellip;]<\/p>\n","protected":false},"author":1816,"featured_media":0,"comment_status":"closed","ping_status":"closed","sticky":false,"template":"","format":"standard","meta":{"fifu_image_url":"","fifu_image_alt":"","footnotes":""},"categories":[73,81],"tags":[],"class_list":["post-46656","post","type-post","status-publish","format-standard","hentry","category-actualite","category-burkina-faso"],"_links":{"self":[{"href":"https:\/\/linitiative.ca\/International\/wp-json\/wp\/v2\/posts\/46656","targetHints":{"allow":["GET"]}}],"collection":[{"href":"https:\/\/linitiative.ca\/International\/wp-json\/wp\/v2\/posts"}],"about":[{"href":"https:\/\/linitiative.ca\/International\/wp-json\/wp\/v2\/types\/post"}],"author":[{"embeddable":true,"href":"https:\/\/linitiative.ca\/International\/wp-json\/wp\/v2\/users\/1816"}],"replies":[{"embeddable":true,"href":"https:\/\/linitiative.ca\/International\/wp-json\/wp\/v2\/comments?post=46656"}],"version-history":[{"count":0,"href":"https:\/\/linitiative.ca\/International\/wp-json\/wp\/v2\/posts\/46656\/revisions"}],"wp:attachment":[{"href":"https:\/\/linitiative.ca\/International\/wp-json\/wp\/v2\/media?parent=46656"}],"wp:term":[{"taxonomy":"category","embeddable":true,"href":"https:\/\/linitiative.ca\/International\/wp-json\/wp\/v2\/categories?post=46656"},{"taxonomy":"post_tag","embeddable":true,"href":"https:\/\/linitiative.ca\/International\/wp-json\/wp\/v2\/tags?post=46656"}],"curies":[{"name":"wp","href":"https:\/\/api.w.org\/{rel}","templated":true}]}}