{"id":46660,"date":"2019-07-17T05:29:34","date_gmt":"2019-07-17T09:29:34","guid":{"rendered":"https:\/\/linitiative.ca\/International\/alejandro-toledo-ex-president-peruvien-arrete-aux-etats-unis-en-vue-dune-extradition\/"},"modified":"2019-07-17T05:29:34","modified_gmt":"2019-07-17T09:29:34","slug":"alejandro-toledo-ex-president-peruvien-arrete-aux-etats-unis-en-vue-dune-extradition","status":"publish","type":"post","link":"https:\/\/linitiative.ca\/International\/alejandro-toledo-ex-president-peruvien-arrete-aux-etats-unis-en-vue-dune-extradition\/","title":{"rendered":"Alejandro Toledo , ex-pr\u00e9sident p\u00e9ruvien, arr\u00eat\u00e9 aux Etats-Unis en vue d\u2019une extradition"},"content":{"rendered":"<div class=\"post-cont-in left relative\">\n<div class=\"swp_social_panel swp_horizontal_panel swp_flat_fresh swp_default_full_color swp_individual_full_color swp_other_full_color scale-100 scale-\" data-min-width=\"1100\" data-float-color=\"#ffffff\" data-float=\"none\" data-float-mobile=\"none\" data-transition=\"slide\">\n<div class=\"nc_tweetContainer swp_share_button total_shares total_sharesalt\"><span class=\"swp_count\">13 <span class=\"swp_label\">Partages<\/span><\/span><\/div>\n<\/div>\n<p class=\"article__paragraph\">Le parquet p\u00e9ruvien a annonc\u00e9 que l\u2019ancien\u00a0pr\u00e9sident du P\u00e9rou entre 2001 et 2006, Alejandro Toledo a \u00e9t\u00e9 arr\u00eat\u00e9, mardi 16\u00a0juillet, aux Etats-Unis en vue d\u2019une extradition.<\/p>\n<p class=\"article__paragraph\"><em>\u00ab\u00a0Le minist\u00e8re public, \u00e0 travers l\u2019Unit\u00e9 de coop\u00e9ration judiciaire internationale, annonce que l\u2019ex-pr\u00e9sident Alejandro Toledo Manrique a \u00e9t\u00e9 arr\u00eat\u00e9 ce matin en vue d\u2019une extradition au P\u00e9rou \u00bb<\/em>, a \u00e9crit le minist\u00e8re public sur Twitter.\u00a0<em>\u00ab\u00a0L\u2019ancien pr\u00e9sident a comparu une premi\u00e8re fois devant la justice nord-am\u00e9ricaine dans le cadre du processus destin\u00e9 \u00e0 le faire revenir au pays\u00a0\u00bb<\/em>, a ajout\u00e9 l\u2019institution.<\/p>\n<div class=\"code-block code-block-1 c3\"><ins class=\"adsbygoogle c2\" data-ad-layout=\"in-article\" data-ad-format=\"fluid\" data-ad-client=\"ca-pub-2102118777505746\" data-ad-slot=\"7301775417\"\/> <\/div>\n<p class=\"article__paragraph\">Rappelons qu\u2019en mai\u00a02018, le P\u00e9rou a transmis aux Etats-Unis une demande d\u2019extradition concernant Alejandro Toledo Manrique, 73\u00a0ans, soup\u00e7onn\u00e9 d\u2019avoir re\u00e7u 20\u00a0millions de dollars de pots-de-vin de la part du groupe br\u00e9silien de BTP Odebrecht, au c\u0153ur d\u2019un vaste scandale ayant secou\u00e9 la classe politique au P\u00e9rou et, plus g\u00e9n\u00e9ralement, en Am\u00e9rique latine.<\/p>\n<div class=\"mvp-org-wrap mvp-org-logo\" itemprop=\"publisher\" itemscope=\"\" itemtype=\"https:\/\/schema.org\/Organization\"><img decoding=\"async\" src=\"https:\/\/www.tunisienumerique.com\/wp-content\/uploads\/2017\/02\/logo_tunisie_numerique.png\"\/><\/div>\n<div class=\"swp_social_panel swp_horizontal_panel swp_flat_fresh swp_default_full_color swp_individual_full_color swp_other_full_color scale-100 scale-\" data-min-width=\"1100\" data-float-color=\"#ffffff\" data-float=\"none\" data-float-mobile=\"none\" data-transition=\"slide\">\n<div class=\"nc_tweetContainer swp_share_button total_shares total_sharesalt\"><span class=\"swp_count\">13 <span class=\"swp_label\">Partages<\/span><\/span><\/div>\n<\/div>\n<div class=\"mvp-related-posts left relative\">\n<h4 class=\"post-header\"><span class=\"post-header\">Lire aussi<\/span><\/h4>\n<\/div>\n<\/div>\n<p>Auteur: Laameri Dorsaf<br \/>\n<a href=\"https:\/\/www.tunisienumerique.com\/alejandro-toledo-ex-president-peruvien-arrete-aux-etats-unis-en-vue-dune-extradition\/\">Cliquez ici pour lire l&rsquo;article depuis sa source.<\/a><\/p>\n","protected":false},"excerpt":{"rendered":"<p>13 Partages Le parquet p\u00e9ruvien a annonc\u00e9 que l\u2019ancien\u00a0pr\u00e9sident du P\u00e9rou entre 2001 et 2006, Alejandro Toledo a \u00e9t\u00e9 arr\u00eat\u00e9, mardi 16\u00a0juillet, aux Etats-Unis en vue d\u2019une extradition. \u00ab\u00a0Le minist\u00e8re public, \u00e0 travers l\u2019Unit\u00e9 de coop\u00e9ration judiciaire internationale, annonce que l\u2019ex-pr\u00e9sident Alejandro Toledo Manrique a \u00e9t\u00e9 arr\u00eat\u00e9 ce matin en vue d\u2019une extradition au P\u00e9rou [&hellip;]<\/p>\n","protected":false},"author":1789,"featured_media":46665,"comment_status":"closed","ping_status":"closed","sticky":false,"template":"","format":"standard","meta":{"fifu_image_url":"","fifu_image_alt":"","footnotes":""},"categories":[73,55],"tags":[],"class_list":["post-46660","post","type-post","status-publish","format-standard","has-post-thumbnail","hentry","category-actualite","category-tunisie"],"_links":{"self":[{"href":"https:\/\/linitiative.ca\/International\/wp-json\/wp\/v2\/posts\/46660","targetHints":{"allow":["GET"]}}],"collection":[{"href":"https:\/\/linitiative.ca\/International\/wp-json\/wp\/v2\/posts"}],"about":[{"href":"https:\/\/linitiative.ca\/International\/wp-json\/wp\/v2\/types\/post"}],"author":[{"embeddable":true,"href":"https:\/\/linitiative.ca\/International\/wp-json\/wp\/v2\/users\/1789"}],"replies":[{"embeddable":true,"href":"https:\/\/linitiative.ca\/International\/wp-json\/wp\/v2\/comments?post=46660"}],"version-history":[{"count":0,"href":"https:\/\/linitiative.ca\/International\/wp-json\/wp\/v2\/posts\/46660\/revisions"}],"wp:featuredmedia":[{"embeddable":true,"href":"https:\/\/linitiative.ca\/International\/wp-json\/"}],"wp:attachment":[{"href":"https:\/\/linitiative.ca\/International\/wp-json\/wp\/v2\/media?parent=46660"}],"wp:term":[{"taxonomy":"category","embeddable":true,"href":"https:\/\/linitiative.ca\/International\/wp-json\/wp\/v2\/categories?post=46660"},{"taxonomy":"post_tag","embeddable":true,"href":"https:\/\/linitiative.ca\/International\/wp-json\/wp\/v2\/tags?post=46660"}],"curies":[{"name":"wp","href":"https:\/\/api.w.org\/{rel}","templated":true}]}}