{"id":46663,"date":"2019-07-17T06:58:51","date_gmt":"2019-07-17T10:58:51","guid":{"rendered":"https:\/\/linitiative.ca\/International\/13eme-festival-international-du-rai-souiri-ouvre-le-bal\/"},"modified":"2019-07-17T06:58:51","modified_gmt":"2019-07-17T10:58:51","slug":"13eme-festival-international-du-rai-souiri-ouvre-le-bal","status":"publish","type":"post","link":"https:\/\/linitiative.ca\/International\/13eme-festival-international-du-rai-souiri-ouvre-le-bal\/","title":{"rendered":"13\u00e8me Festival international du Ra\u00ef: Souiri ouvre le bal"},"content":{"rendered":"<div readability=\"35\">\n<p>Le c\u00e9l\u00e8bre chanteur Abderrahim Souiri a gratifi\u00e9, mardi soir \u00e0 Oujda, le public d\u2019une soir\u00e9e haute en couleurs marquant l\u2019ouverture de la 13e \u00e9dition du Festival international du Ra\u00ef.<\/p>\n<\/div>\n<div readability=\"96\">\n<p>Dans une ambiance festive et conviviale, l\u2019assistance a \u00e9t\u00e9 emport\u00e9e, deux heures durant, dans un voyage musical pour la red\u00e9couverte de ces chansons maghr\u00e9bine, andalouse et orientale ex\u00e9cut\u00e9es avec brio par Souiri, qui ne cesse de puiser dans le riche r\u00e9pertoire marocain dans toute sa splendeur et sa diversit\u00e9.<\/p>\n<p>D\u2019une voix puissante et d\u2019une \u00e9nergie intarissable, le chanteur-musicien\u00a0a embarqu\u00e9 le public pour un voyage musical sublime au c\u0153ur du patrimoine arabo- andalou.<\/p>\n<p>La soir\u00e9e a \u00e9t\u00e9 \u00e9galement \u00e9gay\u00e9e par la belle prestation du duo Hasnae Al Maghribia et l\u2019artiste maroco-alg\u00e9rien Chico qui a tenu ses fans en haleine tout le long d\u2019un concert o\u00f9 ils ont repris en ch\u0153ur avec le chanteur plusieurs c\u00e9l\u00e8bres tubes occidentaux et orientaux.<\/p>\n<p>Le folklore f\u00e9minin a \u00e9t\u00e9 \u00e9galement au rendez-vous avec la prestation de la troupe locale Siham qui a pr\u00e9sent\u00e9 une impressionnante fresque de la danse Reggada.<\/p>\n<p>Cette manifestation artistique entend cr\u00e9er une dynamique \u00e9conomique et touristique locale en faisant valoir les atouts naturels et culturels dont regorge la r\u00e9gion de l\u2019Oriental, a expliqu\u00e9 dans une d\u00e9claration \u00e0 la presse Mohamed Amara, pr\u00e9sident de l\u2019association Oujda Arts, initiatrice de cet \u00e9v\u00e8nement.<\/p>\n<p>M. Amara, qui n\u2019a pas manqu\u00e9 de saluer le soutien apport\u00e9 par les autorit\u00e9s locales et les \u00e9lus, a relev\u00e9 que le Festival international du ra\u00ef gagne en notori\u00e9t\u00e9 et en maturit\u00e9 au fil des \u00e9ditions gr\u00e2ce notamment \u00e0 un public \u00e9pris de ce genre musical, qui se veut un grand carrefour et un trait d\u2019union entre les pays maghr\u00e9bins.<\/p>\n<p>Au menu de cette 13\u00e8 \u00e9dition (16-20 juillet) figure une constellation d\u2019artistes dont Ramy Lapache, Souna japonais, Stars de demain, DJ Timo, Cheb Younes, Muslim, Mouss Maher et DJ Amine.<\/p>\n<p>Il s\u2019agit \u00e9galement de Fayssal Mignon, Hatim Amor, Hamid Bouchnak, DJ Ovni, Cheb Abbes, Mohamed Adli, Najat Rajoui et Cheb Nasro qui sera de retour apr\u00e8s plus de 20 ans d\u2019absence, pour enflammer samedi la sc\u00e8ne du Stade d\u2019Honneur.<\/p>\n<p>La c\u00e9r\u00e9monie d\u2019ouverture de cette 13e \u00e9dition (16-20 juillet), plac\u00e9e sous le Haut Patronage de SM le Roi Mohammed VI, s\u2019est d\u00e9roul\u00e9e en pr\u00e9sence notamment du wali de la r\u00e9gion de l\u2019Oriental et gouverneur de la pr\u00e9fecture d\u2019Oujda-Angad, Mouad El Jama\u00ef, d\u2019\u00e9lus locaux et de personnalit\u00e9s du monde de l\u2019art et de la culture.<\/p>\n<\/div>\n<p>Auteur: Soufiane ELAHMAR<br \/>\n<a href=\"http:\/\/www.mapoujda.ma\/fr\/13eme-festival-international-du-rai-souiri-ouvre-le-bal\/\">Cliquez ici pour lire l&rsquo;article depuis sa source.<\/a><\/p>\n","protected":false},"excerpt":{"rendered":"<p>Le c\u00e9l\u00e8bre chanteur Abderrahim Souiri a gratifi\u00e9, mardi soir \u00e0 Oujda, le public d\u2019une soir\u00e9e haute en couleurs marquant l\u2019ouverture de la 13e \u00e9dition du Festival international du Ra\u00ef. Dans une ambiance festive et conviviale, l\u2019assistance a \u00e9t\u00e9 emport\u00e9e, deux heures durant, dans un voyage musical pour la red\u00e9couverte de ces chansons maghr\u00e9bine, andalouse et [&hellip;]<\/p>\n","protected":false},"author":1788,"featured_media":0,"comment_status":"closed","ping_status":"closed","sticky":false,"template":"","format":"standard","meta":{"fifu_image_url":"","fifu_image_alt":"","footnotes":""},"categories":[54,76],"tags":[],"class_list":["post-46663","post","type-post","status-publish","format-standard","hentry","category-maroc","category-regions"],"_links":{"self":[{"href":"https:\/\/linitiative.ca\/International\/wp-json\/wp\/v2\/posts\/46663","targetHints":{"allow":["GET"]}}],"collection":[{"href":"https:\/\/linitiative.ca\/International\/wp-json\/wp\/v2\/posts"}],"about":[{"href":"https:\/\/linitiative.ca\/International\/wp-json\/wp\/v2\/types\/post"}],"author":[{"embeddable":true,"href":"https:\/\/linitiative.ca\/International\/wp-json\/wp\/v2\/users\/1788"}],"replies":[{"embeddable":true,"href":"https:\/\/linitiative.ca\/International\/wp-json\/wp\/v2\/comments?post=46663"}],"version-history":[{"count":0,"href":"https:\/\/linitiative.ca\/International\/wp-json\/wp\/v2\/posts\/46663\/revisions"}],"wp:attachment":[{"href":"https:\/\/linitiative.ca\/International\/wp-json\/wp\/v2\/media?parent=46663"}],"wp:term":[{"taxonomy":"category","embeddable":true,"href":"https:\/\/linitiative.ca\/International\/wp-json\/wp\/v2\/categories?post=46663"},{"taxonomy":"post_tag","embeddable":true,"href":"https:\/\/linitiative.ca\/International\/wp-json\/wp\/v2\/tags?post=46663"}],"curies":[{"name":"wp","href":"https:\/\/api.w.org\/{rel}","templated":true}]}}