{"id":46666,"date":"2019-07-16T18:27:22","date_gmt":"2019-07-16T22:27:22","guid":{"rendered":"https:\/\/linitiative.ca\/International\/maintenance-de-vehicules-22-policiers-en-formation-a-ccva\/"},"modified":"2019-07-16T18:27:22","modified_gmt":"2019-07-16T22:27:22","slug":"maintenance-de-vehicules-22-policiers-en-formation-a-ccva","status":"publish","type":"post","link":"https:\/\/linitiative.ca\/International\/maintenance-de-vehicules-22-policiers-en-formation-a-ccva\/","title":{"rendered":"Maintenance de v\u00e9hicules  : 22 policiers en formation a CCVA"},"content":{"rendered":"<div class=\"td-post-featured-image\"><a href=\"https:\/\/i2.wp.com\/www.sidwaya.info\/wp-content\/uploads\/2019\/07\/1-29.jpg?fit=738%2C463&#038;ssl=1\" data-caption=\"\"><img loading=\"lazy\" decoding=\"async\" width=\"696\" height=\"437\" class=\"entry-thumb td-modal-image\" src=\"https:\/\/i2.wp.com\/www.sidwaya.info\/wp-content\/uploads\/2019\/07\/1-29.jpg?resize=696%2C437&#038;ssl=1\" srcset=\"https:\/\/i2.wp.com\/www.sidwaya.info\/wp-content\/uploads\/2019\/07\/1-29.jpg?w=738&#038;ssl=1 738w, https:\/\/i2.wp.com\/www.sidwaya.info\/wp-content\/uploads\/2019\/07\/1-29.jpg?resize=300%2C188&#038;ssl=1 300w, https:\/\/i2.wp.com\/www.sidwaya.info\/wp-content\/uploads\/2019\/07\/1-29.jpg?resize=696%2C437&#038;ssl=1 696w, https:\/\/i2.wp.com\/www.sidwaya.info\/wp-content\/uploads\/2019\/07\/1-29.jpg?resize=669%2C420&#038;ssl=1 669w\" sizes=\"auto, (max-width: 696px) 100vw, 696px\" alt=\"\" title=\"1\"\/><\/a><\/div>\n<p><strong>La Police nationale organise un atelier de formation, du 15 au 19 juillet 2019 au Centre de contr\u00f4le des v\u00e9hicules automobiles (CCVA), au profit de 22 agents.<\/strong><\/p>\n<p>La Police nationale entend renforcer les capacit\u00e9s des officiers et sous-officiers en suivi et r\u00e9paration des engins. C\u2019est pourquoi, elle organise, du 15 au 19 juillet 2019, une formation \u00e0 l\u2019endroit de 22 agents, au Centre de contr\u00f4le des v\u00e9hicules automobiles (CCVA). Selon le repr\u00e9sentant du directeur g\u00e9n\u00e9ral de la Police nationale, Adama Sankara, l\u2019atelier permettra de renforcer le garage de l\u2019institution par des agents biens form\u00e9s et \u00e9quip\u00e9s en vue de mettre fin \u00e0 la lenteur des r\u00e9parations des engins. \u00abCela va faciliter les interventions sur le terrain, car les \u00e9ventuelles pannes seront vite r\u00e9par\u00e9es.<\/p>\n<p>Nous voulons plus de professionnalisme pour faire face aux d\u00e9fis s\u00e9curitaires\u00bb, a-t-il indiqu\u00e9. Il a signifi\u00e9 que la police est une institution qui doit \u00eatre active, apte \u00e0 servir en tout temps et en tout lieu. M. Sankara a exhort\u00e9 les participants \u00e0 plus de rigueur pour \u00eatre des \u00abpurs produits\u00bb du centre de contr\u00f4le. \u00abVous serez trait\u00e9s comme des apprenants et cela ne doit en aucun cas \u00e9branler votre soif d\u2019acqu\u00e9rir des connaissances durant la formation\u00bb, a martel\u00e9 le commissaire de police. Pour la Directrice g\u00e9n\u00e9rale (DG) du CCVA, Zalissa Koumar\u00e9, c\u2019est une d\u00e9marche salutaire, car le renforcement des capacit\u00e9s des acteurs de la s\u00e9curit\u00e9 routi\u00e8re est un des devoirs de sa structure.<\/p>\n<p>\u00abLe CCVA a pour mission essentielle de participer \u00e0 l\u2019assainissement du parc automobile. Il est primordial de former ceux qui manipulent les engins\u00bb, a-t-elle fait savoir. Par ailleurs, elle a souhait\u00e9 que le partenariat entre la police et le centre perdure. Le lieutenant de police Abdoul Kader Compaor\u00e9, en service au groupement des compagnies r\u00e9publicaines de s\u00e9curit\u00e9 de Ouagadougou, a remerci\u00e9 les responsables pour la formation. \u00abElle est la bienvenue, car nos services travaillent avec les moyens roulants. Il est donc n\u00e9cessaire de suivre des formations de qualit\u00e9 afin d\u2019entretenir nos engins pour la r\u00e9ussite de nos missions\u00bb, a-t-il dit.<\/p>\n<p class=\"c1\"><strong>Mariam SOMDA<\/strong><\/p>\n<p class=\"c1\"><strong>Boureima GANSONRE (stagiaire)<\/strong><\/p>\n<div class=\"td-a-rec td-a-rec-id-content_bottom td_uid_30_5d2f09162ff16_rand td_block_template_1\"><img loading=\"lazy\" decoding=\"async\" class=\"aligncenter size-full wp-image-9623\" src=\"https:\/\/www.sidwaya.info\/wp-content\/uploads\/2019\/06\/Projet-bannie%CC%80re-Orange-mobile.jpg\" alt=\"\" width=\"728\" height=\"81\"\/><\/div>\n<p>Auteur: DD. Sidwaya<br \/>\n<a href=\"https:\/\/www.sidwaya.info\/blog\/2019\/07\/16\/maintenance-de-vehicules-22-policiers-en-formation-a-ccva\/\">Cliquez ici pour lire l&rsquo;article depuis sa source.<\/a><\/p>\n","protected":false},"excerpt":{"rendered":"<p>La Police nationale organise un atelier de formation, du 15 au 19 juillet 2019 au Centre de contr\u00f4le des v\u00e9hicules automobiles (CCVA), au profit de 22 agents. La Police nationale entend renforcer les capacit\u00e9s des officiers et sous-officiers en suivi et r\u00e9paration des engins. C\u2019est pourquoi, elle organise, du 15 au 19 juillet 2019, une [&hellip;]<\/p>\n","protected":false},"author":1816,"featured_media":0,"comment_status":"closed","ping_status":"closed","sticky":false,"template":"","format":"standard","meta":{"fifu_image_url":"","fifu_image_alt":"","footnotes":""},"categories":[73,81],"tags":[],"class_list":["post-46666","post","type-post","status-publish","format-standard","hentry","category-actualite","category-burkina-faso"],"_links":{"self":[{"href":"https:\/\/linitiative.ca\/International\/wp-json\/wp\/v2\/posts\/46666","targetHints":{"allow":["GET"]}}],"collection":[{"href":"https:\/\/linitiative.ca\/International\/wp-json\/wp\/v2\/posts"}],"about":[{"href":"https:\/\/linitiative.ca\/International\/wp-json\/wp\/v2\/types\/post"}],"author":[{"embeddable":true,"href":"https:\/\/linitiative.ca\/International\/wp-json\/wp\/v2\/users\/1816"}],"replies":[{"embeddable":true,"href":"https:\/\/linitiative.ca\/International\/wp-json\/wp\/v2\/comments?post=46666"}],"version-history":[{"count":0,"href":"https:\/\/linitiative.ca\/International\/wp-json\/wp\/v2\/posts\/46666\/revisions"}],"wp:attachment":[{"href":"https:\/\/linitiative.ca\/International\/wp-json\/wp\/v2\/media?parent=46666"}],"wp:term":[{"taxonomy":"category","embeddable":true,"href":"https:\/\/linitiative.ca\/International\/wp-json\/wp\/v2\/categories?post=46666"},{"taxonomy":"post_tag","embeddable":true,"href":"https:\/\/linitiative.ca\/International\/wp-json\/wp\/v2\/tags?post=46666"}],"curies":[{"name":"wp","href":"https:\/\/api.w.org\/{rel}","templated":true}]}}