{"id":46668,"date":"2019-07-17T07:18:03","date_gmt":"2019-07-17T11:18:03","guid":{"rendered":"https:\/\/linitiative.ca\/International\/football-et-economie-en-vedette-dans-les-journaux-camerounais\/"},"modified":"2019-07-17T07:18:03","modified_gmt":"2019-07-17T11:18:03","slug":"football-et-economie-en-vedette-dans-les-journaux-camerounais","status":"publish","type":"post","link":"https:\/\/linitiative.ca\/International\/football-et-economie-en-vedette-dans-les-journaux-camerounais\/","title":{"rendered":"Football et \u00e9conomie en vedette dans les journaux camerounais"},"content":{"rendered":"<div readability=\"32\">\n<p>Publi\u00e9 le 17.07.2019 \u00e0 12h18 par APA News<\/p>\n<\/div>\n<div readability=\"118\">\n<p>Le limogeage, la veille du duo d\u2019entra\u00eeneurs hollandais de la s\u00e9lection de football, c\u00f4toie des sujets \u00e9conomiques gu\u00e8re r\u00e9jouissants dans les journaux camerounais parus mercredi.Les visages tant\u00f4t radieux, tant\u00f4t pr\u00e9occup\u00e9s du s\u00e9lectionneur national Clarence Seedorf et de son adjoint, Patrick Kluivert, barrent la couverture de Le Jour, Mutations et Le Messager, cette derni\u00e8re publication les d\u00e9clarant \u00abmorts dans la fosse aux Lions\u00bb.<\/p>\n<p>Apr\u00e8s le fiasco de la Coupe d\u2019Afrique des nations (Can) \u00e9gyptienne, explique-t-elle, le pr\u00e9sident de la F\u00e9d\u00e9ration nationale de la discipline (Fecafoot), sur instructions du ministre des Sports, a finalement d\u00e9cid\u00e9 de les licencier pour ce que InfoMatin qualifie de \u00abbilan chaotique\u00bb.<\/p>\n<p>Arriv\u00e9s au Cameroun avec pour cahier de charges d\u2019atteindre l\u2019\u00e9tape de la finale de la Can 2019 et de qualifier le pays \u00e0 la Coupe du monde de football Qatar 2022, ils ont \u00e9t\u00e9 d\u00e9barqu\u00e9s pour insuffisance de r\u00e9sultats, rench\u00e9rissent L\u2019\u0153il du Sahel, Le Soir et le quotidien \u00e0 capitaux publics Cameroon Tribune.<\/p>\n<p>Repr\u00e9sent\u00e9 dans une caricature par l\u2019hebdomadaire satirique Le Popoli, Clarence Seedorf a son baluchon sur l\u2019\u00e9paule avec derri\u00e8re lui un ministre des Sports fou furieux et qui crie : \u00abJe ne te recommanderai m\u00eame pas \u00e0 Piment de Bayangam\u00bb, allusion \u00e0 un club sans envergure de la r\u00e9gion de l\u2019Ouest.<\/p>\n<p>C\u2019\u00e9tait finalement une histoire de mauvaise sauce hollandaise, moque Mutations : \u00e0 leur d\u00e9part, les deux N\u00e9erlandais laissent un bilan de quatre victoires (face au Malawi, aux Comores, \u00e0 la Zambie et \u00e0 la Guin\u00e9e-Bissau), cinq matches nuls (face au Ghana, aux Comores, au B\u00e9nin, au Mali et au Malawi) et trois d\u00e9faites (face au Maroc, au Nigeria et au Br\u00e9sil) durant leur s\u00e9jour \u00e0 la t\u00eate des Lions indomptables.<\/p>\n<p>Clarence Seedorf n\u2019est rien d\u2019autre que l\u2019agneau du sacrifice, dans une discipline nationale min\u00e9e par les improvisations et l\u2019instabilit\u00e9 permanente, tacle Rep\u00e8res qui souhaite, pour sa part que le nettoyage qui a commenc\u00e9 sur le banc de touche des \u00abLions indomptables\u00bb se poursuive au niveau administratif et m\u00eame dans les rangs des joueurs.<\/p>\n<p>Mais, pour ce bihebdomadaire, ce qui pr\u00e9occupe dans l\u2019imm\u00e9diat, c\u2019est le taux de natalit\u00e9 qui baisse au Cameroun : il est pass\u00e9 de 5.2 en 1998 \u00e0 4.9 en 2014, la politique gouvernementale visant d\u00e9sormais \u00e0 r\u00e9duire l\u2019impact n\u00e9gatif qu\u2019aurait une grande population sur le taux de croissance.<\/p>\n<p>\u00abPour ce qui est du syst\u00e8me et des infrastructures sanitaires, sa capacit\u00e9 \u00e0 r\u00e9pondre aux besoins de sant\u00e9, est loin de permettre d\u2019am\u00e9liorer la couverture m\u00e9dicale d\u2019une population sans cesse croissante.\u00bb<\/p>\n<p>En perspective aussi, Le Quotidien de l\u2019\u00c9conomie, sous le titre \u00abConjoncture : jour de v\u00e9rit\u00e9 pour le Cameroun au Fmi\u00bb, fait part de l\u2019inqui\u00e9tude grandissante des autorit\u00e9s \u00e0 l\u2019occasion de la s\u00e9ance de rattrapage aupr\u00e8s du Fonds mon\u00e9taire international, avec lequel le pays est sous programme de r\u00e9formes et qui a \u00e9t\u00e9 recal\u00e9 le 26 juin \u00e0 cause d\u2019une \u00e9ch\u00e9ance non respect\u00e9e d\u2019une dette de 540 millions FCfa contract\u00e9e aupr\u00e8s de l\u2019Espagne.<\/p>\n<p>\u00c0 propos de la dette, EcoMatin dresse un hit-parade des bailleurs de fonds du Cameroun \u00e0 la t\u00eate desquels pointe la Chine avec un encours d\u2019environ 30% de la dette ext\u00e9rieure pour une enveloppe totale de 7557 milliards FCfa \u00e0 fin avril 2019, soit 35,2% du produit int\u00e9rieur brut (Pib).<\/p>\n<\/div>\n<p>Auteur: APA News<br \/>\n<a href=\"https:\/\/www.journalducameroun.com\/football-et-economie-en-vedette-dans-les-journaux-camerounais\/\">Cliquez ici pour lire l&rsquo;article depuis sa source.<\/a><\/p>\n","protected":false},"excerpt":{"rendered":"<p>Publi\u00e9 le 17.07.2019 \u00e0 12h18 par APA News Le limogeage, la veille du duo d\u2019entra\u00eeneurs hollandais de la s\u00e9lection de football, c\u00f4toie des sujets \u00e9conomiques gu\u00e8re r\u00e9jouissants dans les journaux camerounais parus mercredi.Les visages tant\u00f4t radieux, tant\u00f4t pr\u00e9occup\u00e9s du s\u00e9lectionneur national Clarence Seedorf et de son adjoint, Patrick Kluivert, barrent la couverture de Le Jour, [&hellip;]<\/p>\n","protected":false},"author":1965,"featured_media":0,"comment_status":"closed","ping_status":"closed","sticky":false,"template":"","format":"standard","meta":{"fifu_image_url":"","fifu_image_alt":"","footnotes":""},"categories":[73,82],"tags":[],"class_list":["post-46668","post","type-post","status-publish","format-standard","hentry","category-actualite","category-cameroun"],"_links":{"self":[{"href":"https:\/\/linitiative.ca\/International\/wp-json\/wp\/v2\/posts\/46668","targetHints":{"allow":["GET"]}}],"collection":[{"href":"https:\/\/linitiative.ca\/International\/wp-json\/wp\/v2\/posts"}],"about":[{"href":"https:\/\/linitiative.ca\/International\/wp-json\/wp\/v2\/types\/post"}],"author":[{"embeddable":true,"href":"https:\/\/linitiative.ca\/International\/wp-json\/wp\/v2\/users\/1965"}],"replies":[{"embeddable":true,"href":"https:\/\/linitiative.ca\/International\/wp-json\/wp\/v2\/comments?post=46668"}],"version-history":[{"count":0,"href":"https:\/\/linitiative.ca\/International\/wp-json\/wp\/v2\/posts\/46668\/revisions"}],"wp:attachment":[{"href":"https:\/\/linitiative.ca\/International\/wp-json\/wp\/v2\/media?parent=46668"}],"wp:term":[{"taxonomy":"category","embeddable":true,"href":"https:\/\/linitiative.ca\/International\/wp-json\/wp\/v2\/categories?post=46668"},{"taxonomy":"post_tag","embeddable":true,"href":"https:\/\/linitiative.ca\/International\/wp-json\/wp\/v2\/tags?post=46668"}],"curies":[{"name":"wp","href":"https:\/\/api.w.org\/{rel}","templated":true}]}}