{"id":46676,"date":"2019-07-16T18:30:14","date_gmt":"2019-07-16T22:30:14","guid":{"rendered":"https:\/\/linitiative.ca\/International\/7e-conference-sur-le-developpement-de-lafrique-le-president-du-faso-invite-a-tokyo\/"},"modified":"2019-07-16T18:30:14","modified_gmt":"2019-07-16T22:30:14","slug":"7e-conference-sur-le-developpement-de-lafrique-le-president-du-faso-invite-a-tokyo","status":"publish","type":"post","link":"https:\/\/linitiative.ca\/International\/7e-conference-sur-le-developpement-de-lafrique-le-president-du-faso-invite-a-tokyo\/","title":{"rendered":"7e conf\u00e9rence sur le d\u00e9veloppement  de l\u2019Afrique  : le pr\u00e9sident du Faso invit\u00e9 \u00e0 Tokyo"},"content":{"rendered":"<div class=\"td-post-featured-image\"><a href=\"https:\/\/i0.wp.com\/www.sidwaya.info\/wp-content\/uploads\/2019\/07\/1-30.jpg?fit=738%2C493&#038;ssl=1\" data-caption=\"\"><img loading=\"lazy\" decoding=\"async\" width=\"696\" height=\"465\" class=\"entry-thumb td-modal-image\" src=\"https:\/\/i0.wp.com\/www.sidwaya.info\/wp-content\/uploads\/2019\/07\/1-30.jpg?resize=696%2C465&#038;ssl=1\" srcset=\"https:\/\/i0.wp.com\/www.sidwaya.info\/wp-content\/uploads\/2019\/07\/1-30.jpg?w=738&#038;ssl=1 738w, https:\/\/i0.wp.com\/www.sidwaya.info\/wp-content\/uploads\/2019\/07\/1-30.jpg?resize=300%2C200&#038;ssl=1 300w, https:\/\/i0.wp.com\/www.sidwaya.info\/wp-content\/uploads\/2019\/07\/1-30.jpg?resize=696%2C465&#038;ssl=1 696w, https:\/\/i0.wp.com\/www.sidwaya.info\/wp-content\/uploads\/2019\/07\/1-30.jpg?resize=629%2C420&#038;ssl=1 629w\" sizes=\"auto, (max-width: 696px) 100vw, 696px\" alt=\"\" title=\"1\"\/><\/a><\/div>\n<p><strong>Le Pr\u00e9sident du Faso, Roch Marc Christian Kabor\u00e9, a re\u00e7u en audience, le mardi 16 juillet 2019 \u00e0 Kosyam, le vice-pr\u00e9sident de l\u2019Agence japonaise de coop\u00e9ration (JICA), Hiroshi Kato.<\/strong><\/p>\n<p>En s\u00e9jour au Burkina Faso pour prendre part au lancement officiel des travaux de r\u00e9habilitation de la rocade Sud-Est, Boulevard des Tansoba, le vice-pr\u00e9sident de la Japan international coop\u00e9ration association (JICA), Hiroshi Kato, s\u2019est rendu, hier 16 juillet 2019 au palais pr\u00e9sidentiel. A l\u2019issue d\u2019un t\u00eate-\u00e0-t\u00eate de pr\u00e8s de trois quarts d\u2019heure avec le chef de l\u2019Etat burkinab\u00e8, Roch Marc Christian Kabor\u00e9, le coop\u00e9rant japonais s\u2019est confi\u00e9 aux journalistes. \u00abNous avons \u00e9chang\u00e9 avec le pr\u00e9sident du Faso de la coop\u00e9ration bilat\u00e9rale entre le Burkina Faso et le Japon notamment les projets de d\u00e9veloppement communs\u00bb, a-t-il indiqu\u00e9. Selon le patron de la JICA, dans le domaine des infrastructures routi\u00e8res, il a \u00e9t\u00e9 question du projet de r\u00e9habilitation du boulevard des Tansoba (tron\u00e7on allant de l\u2019\u00e9changeur de Ouaga 2000 \u00e0 celui de l\u2019Est), dont le lancement des travaux est intervenu le mardi 16 juillet 2019 en pr\u00e9sence du chef de l\u2019Etat.<\/p>\n<p>Les deux personnalit\u00e9s ont \u00e9galement abord\u00e9 au cours de leur entretien, des projets financ\u00e9s dans le domaine de l\u2019agriculture gr\u00e2ce \u00e0 un partenariat entre le minist\u00e8re en charge de ces questions et des structures priv\u00e9es japonaises. L\u2019h\u00f4te de Kosyam qui \u00e9tait accompagn\u00e9 par l\u2019ambassadeur du Japon en poste \u00e0 Ouagadougou, Tamotsu Ikezaki, a saisi l\u2019occasion pour inviter le pr\u00e9sident du Faso \u00e0 une rencontre internationale au Pays du soleil levant. \u00abNous avons transmis une correspondance au pr\u00e9sident du Faso l\u2019invitant \u00e0 prendre part \u00e0 la 7e Conf\u00e9rence internationale de Tokyo sur le d\u00e9veloppement de l\u2019Afrique (TICAD), qui se tiendra \u00e0 la fin du mois d\u2019ao\u00fbt 2019\u00bb, a fait savoir Hiroshi Kato. Au cours de cette rencontre de haut niveau, a-t-il poursuivi, les r\u00e9flexions vont porter sur les d\u00e9fis li\u00e9s au d\u00e9veloppement \u00e0 l\u2019issue desquelles des propositions de solutions seront formul\u00e9es en vue de booster le d\u00e9veloppement \u00e9conomique et social des Etats sur le continent noir.<\/p>\n<p>D\u00e9j\u00e0, la d\u00e9l\u00e9gation japonaise a salu\u00e9 les efforts de d\u00e9veloppement d\u00e9ploy\u00e9s par le gouvernement burkinab\u00e8. \u00abNous nous r\u00e9jouissons de constater que des progr\u00e8s sont r\u00e9alis\u00e9s au Burkina Faso gr\u00e2ce au leadership du chef de l\u2019Etat\u00bb, a dit le vice-pr\u00e9sident de la JICA.<\/p>\n<p class=\"c1\"><strong>Beyon Romain NEBIE<\/strong><\/p>\n<p class=\"c1\"><strong>nbeyonromain@yahoo.fr<\/strong><\/p>\n<div class=\"td-a-rec td-a-rec-id-content_bottom td_uid_30_5d2f09198ab66_rand td_block_template_1\"><img loading=\"lazy\" decoding=\"async\" class=\"aligncenter size-full wp-image-9623\" src=\"https:\/\/www.sidwaya.info\/wp-content\/uploads\/2019\/06\/Projet-bannie%CC%80re-Orange-mobile.jpg\" alt=\"\" width=\"728\" height=\"81\"\/><\/div>\n<p>Auteur: DD. Sidwaya<br \/>\n<a href=\"https:\/\/www.sidwaya.info\/blog\/2019\/07\/16\/7e-conference-sur-le-developpement-de-lafrique-le-president-du-faso-invite-a-tokyo\/\">Cliquez ici pour lire l&rsquo;article depuis sa source.<\/a><\/p>\n","protected":false},"excerpt":{"rendered":"<p>Le Pr\u00e9sident du Faso, Roch Marc Christian Kabor\u00e9, a re\u00e7u en audience, le mardi 16 juillet 2019 \u00e0 Kosyam, le vice-pr\u00e9sident de l\u2019Agence japonaise de coop\u00e9ration (JICA), Hiroshi Kato. En s\u00e9jour au Burkina Faso pour prendre part au lancement officiel des travaux de r\u00e9habilitation de la rocade Sud-Est, Boulevard des Tansoba, le vice-pr\u00e9sident de la [&hellip;]<\/p>\n","protected":false},"author":1816,"featured_media":0,"comment_status":"closed","ping_status":"closed","sticky":false,"template":"","format":"standard","meta":{"fifu_image_url":"","fifu_image_alt":"","footnotes":""},"categories":[73,81],"tags":[],"class_list":["post-46676","post","type-post","status-publish","format-standard","hentry","category-actualite","category-burkina-faso"],"_links":{"self":[{"href":"https:\/\/linitiative.ca\/International\/wp-json\/wp\/v2\/posts\/46676","targetHints":{"allow":["GET"]}}],"collection":[{"href":"https:\/\/linitiative.ca\/International\/wp-json\/wp\/v2\/posts"}],"about":[{"href":"https:\/\/linitiative.ca\/International\/wp-json\/wp\/v2\/types\/post"}],"author":[{"embeddable":true,"href":"https:\/\/linitiative.ca\/International\/wp-json\/wp\/v2\/users\/1816"}],"replies":[{"embeddable":true,"href":"https:\/\/linitiative.ca\/International\/wp-json\/wp\/v2\/comments?post=46676"}],"version-history":[{"count":0,"href":"https:\/\/linitiative.ca\/International\/wp-json\/wp\/v2\/posts\/46676\/revisions"}],"wp:attachment":[{"href":"https:\/\/linitiative.ca\/International\/wp-json\/wp\/v2\/media?parent=46676"}],"wp:term":[{"taxonomy":"category","embeddable":true,"href":"https:\/\/linitiative.ca\/International\/wp-json\/wp\/v2\/categories?post=46676"},{"taxonomy":"post_tag","embeddable":true,"href":"https:\/\/linitiative.ca\/International\/wp-json\/wp\/v2\/tags?post=46676"}],"curies":[{"name":"wp","href":"https:\/\/api.w.org\/{rel}","templated":true}]}}