{"id":46681,"date":"2019-07-16T18:36:00","date_gmt":"2019-07-16T22:36:00","guid":{"rendered":"https:\/\/linitiative.ca\/International\/entretien-jhinaoui-pampeo-a-washington-soutien-americain-reaffirme-a-la-tunisie-video\/"},"modified":"2019-07-16T18:36:00","modified_gmt":"2019-07-16T22:36:00","slug":"entretien-jhinaoui-pampeo-a-washington-soutien-americain-reaffirme-a-la-tunisie-video","status":"publish","type":"post","link":"https:\/\/linitiative.ca\/International\/entretien-jhinaoui-pampeo-a-washington-soutien-americain-reaffirme-a-la-tunisie-video\/","title":{"rendered":"Entretien Jhinaoui &#8211; Pampeo \u00e0 Washington : Soutien am\u00e9ricain r\u00e9affirm\u00e9 \u00e0 la Tunisie (Vid\u00e9o)"},"content":{"rendered":"<p><em><strong><img decoding=\"async\" src=\"\/uploads\/FCK_files\/twitter(1).jpg\" alt=\"\" width=\"28%\" vspace=\"5\" hspace=\"5\" align=\"left\"\/>Washington DC \u2013 Correspondance particuli\u00e8re pour <span class=\"c2\">Leaders<\/span>.<\/strong><\/em> \u00ab\u00a0Le secr\u00e9taire am\u00e9ricain, Michael R. Pompeo, s\u2019est entretenu mardi \u00e0 Washington avec le ministre tunisien des Affaires \u00e9trang\u00e8res, Khemaies Jhinaoui, dans le cadre de la troisi\u00e8me session du dialogue strat\u00e9gique am\u00e9ricano-tunisien, a indiqu\u00e9 le porte-parole du State Department, Morgan Ortagus. Le Secr\u00e9taire Pompeo a discut\u00e9 des objectifs de la lutte antiterroriste partag\u00e9s par les \u00c9tats-Unis avec la Tunisie et a exprim\u00e9 son soutien aux efforts d\u00e9ploy\u00e9s afin d\u2019accro\u00eetre les \u00e9changes et les investissements bilat\u00e9raux. Le secr\u00e9taire d&rsquo;Etat Pompeo a f\u00e9licit\u00e9 le ministre des Affaires \u00e9trang\u00e8res, Jhinaoui, pour l&rsquo;\u00e9lection de la Tunisie au Conseil de s\u00e9curit\u00e9 des Nations unies et s&rsquo;est f\u00e9licit\u00e9 de sa participation \u00e0 la deuxi\u00e8me r\u00e9union minist\u00e9rielle sur la promotion de la libert\u00e9 de religion.<\/p>\n<p>Les ministres Khemaies Jhinaoui et Mike Pompeo ont en effet pr\u00e9sid\u00e9 ce troisi\u00e8me round du dialogue strat\u00e9gique en pr\u00e9sence de deux hauts responsables tunisiens (notamment le Conseiller principal en S\u00e9curit\u00e9 Nationale aupr\u00e8s du Pr\u00e9sident de la R\u00e9publique, Kamel Akrout, et l\u2019ambassadeur de Tunisie \u00e0 Washington, Fay\u00e7al Gouiaa) et am\u00e9ricains. L\u2019entretien, indique une source diplomatique tunisienne, a port\u00e9 sur les moyens de renforcer les relations strat\u00e9giques \u00e9troites entre la Tunisie et les \u00c9tats-Unis d\u2019Am\u00e9rique et la coop\u00e9ration entre les deux pays dans divers domaines. Les deux parties ont \u00e9galement \u00e9chang\u00e9 des points de vue sur des questions d&rsquo;int\u00e9r\u00eat communs dans les sph\u00e8res r\u00e9gionales et internationales, en particulier sur les efforts internationaux visant \u00e0 trouver une sortie de crise en Libye, ainsi que sur les m\u00e9canismes de coop\u00e9ration commune en perspective de l\u2019\u00e9lection de la Tunisie en tant que membre non-permanent du Conseil de s\u00e9curit\u00e9 \u00e0 la Tunisie pour la p\u00e9riode 2020-2021.<\/p>\n<p class=\"c3\"><iframe loading=\"lazy\" src=\"https:\/\/www.youtube.com\/embed\/23n4ZzCgZV0\" allow=\"accelerometer; autoplay; encrypted-media; gyroscope; picture-in-picture\" allowfullscreen=\"\" width=\"560\" height=\"315\" frameborder=\"0\">[embedded content]<\/iframe><\/p>\n<p>Le ministre Jhinaoui, ajoute la m\u00eame source s&rsquo;est f\u00e9licit\u00e9 des efforts d\u00e9ploy\u00e9s par l&rsquo;Administration am\u00e9ricaine pour soutenir la transition d\u00e9mocratique en Tunisie. De son c\u00f4t\u00e9, le secr\u00e9taire d&rsquo;\u00c9tat Pompeo a r\u00e9it\u00e9r\u00e9 la volont\u00e9 des \u00c9tats-Unis d&rsquo;Am\u00e9rique de poursuivre la coop\u00e9ration \u00e9troite entre les deux pays dans divers domaines, se f\u00e9licitant du niveau remarquable atteint entre et des efforts d\u00e9ploy\u00e9s par la Tunisie pour pr\u00e9server la d\u00e9mocratie. Il a r\u00e9affirm\u00e9 l&rsquo;engagement des \u00c9tats-Unis d&rsquo;Am\u00e9rique de continuer \u00e0 soutenir la Tunisie dans les domaines politiques, \u00e9conomique et s\u00e9curitaire.<\/p>\n<h2>Libye: appui au plan de l&rsquo;ONU<\/h2>\n<p>Evoquant la crise en Libye, les deux ministres ont soulign\u00e9 qu&rsquo;il importait d&rsquo;\u0153uvrer au r\u00e9tablissement de la stabilit\u00e9 dans ce pays et de soutenir davantage les efforts de l&rsquo;envoy\u00e9 des Nations Unies en Libye, Ghassan Salam\u00e9, afin de trouver une solution politique globale et consensuelle, conform\u00e9ment au plan d&rsquo;action des Nations Unies.<\/p>\n<p class=\"c3\"><img decoding=\"async\" src=\"\/uploads\/FCK_files\/livre-d'or.jpg\" alt=\"\" width=\"100%\" vspace=\"5\" hspace=\"5\" align=\"middle\"\/><\/p>\n<h2>Au Congress et avec des Think-tanks<\/h2>\n<p>Par ailleurs le ministre Jhinaoui a entam\u00e9 mardi apr\u00e8s-midi une s\u00e9rie d\u2019entretiens qui se poursuivront ce mercredi, avec des membres du Congr\u00e8s am\u00e9ricain, notamment le s\u00e9nateur r\u00e9publicain Lindsay Graham, le repr\u00e9sentant David Schweikert, le s\u00e9nateur Bob Menendez et le repr\u00e9sentant Ted Doetsch. Ces entretiens offrent l\u2019occasion de passer en revue les d\u00e9veloppements en Tunisie dans les domaines politique et \u00e9conomique ainsi que les d\u00e9fis auxquels le niveau de s\u00e9curit\u00e9 est confront\u00e9. Au programme de la visite de Jhinaoui dans la capitale f\u00e9d\u00e9rale am\u00e9ricaine des rencontres avec de repr\u00e9sentats de principaux think-tanks.<\/p>\n<h2>Protection des libert\u00e9s religieuses<\/h2>\n<p>A noter que le ministre des Affaires \u00e9trang\u00e8res participera \u00e9galement \u00e0 l&rsquo;invitation de son homologue am\u00e9ricain \u00e0 la deuxi\u00e8me <a href=\"https:\/\/www.state.gov\/ministerial-to-advance-religious-freedom-16-18-july-2019\/\">Conf\u00e9rence minist\u00e9rielle annuelle organis\u00e9e par le D\u00e9partement d&rsquo;\u00c9tat am\u00e9ricain le 18 juillet 2019 sur la protection des libert\u00e9s religieuses<\/a>.<\/p>\n<p>Auteur:<br \/>\n<a href=\"https:\/\/www.leaders.com.tn\/article\/27516-entretien-jhinaoui-pampeo-a-washington-soutien-americain-reaffirme-a-la-tunisie\">Cliquez ici pour lire l&rsquo;article depuis sa source.<\/a><\/p>\n","protected":false},"excerpt":{"rendered":"<p>Washington DC \u2013 Correspondance particuli\u00e8re pour Leaders. \u00ab\u00a0Le secr\u00e9taire am\u00e9ricain, Michael R. Pompeo, s\u2019est entretenu mardi \u00e0 Washington avec le ministre tunisien des Affaires \u00e9trang\u00e8res, Khemaies Jhinaoui, dans le cadre de la troisi\u00e8me session du dialogue strat\u00e9gique am\u00e9ricano-tunisien, a indiqu\u00e9 le porte-parole du State Department, Morgan Ortagus. Le Secr\u00e9taire Pompeo a discut\u00e9 des objectifs de [&hellip;]<\/p>\n","protected":false},"author":1772,"featured_media":46687,"comment_status":"closed","ping_status":"closed","sticky":false,"template":"","format":"standard","meta":{"fifu_image_url":"","fifu_image_alt":"","footnotes":""},"categories":[73,55],"tags":[],"class_list":["post-46681","post","type-post","status-publish","format-standard","has-post-thumbnail","hentry","category-actualite","category-tunisie"],"_links":{"self":[{"href":"https:\/\/linitiative.ca\/International\/wp-json\/wp\/v2\/posts\/46681","targetHints":{"allow":["GET"]}}],"collection":[{"href":"https:\/\/linitiative.ca\/International\/wp-json\/wp\/v2\/posts"}],"about":[{"href":"https:\/\/linitiative.ca\/International\/wp-json\/wp\/v2\/types\/post"}],"author":[{"embeddable":true,"href":"https:\/\/linitiative.ca\/International\/wp-json\/wp\/v2\/users\/1772"}],"replies":[{"embeddable":true,"href":"https:\/\/linitiative.ca\/International\/wp-json\/wp\/v2\/comments?post=46681"}],"version-history":[{"count":0,"href":"https:\/\/linitiative.ca\/International\/wp-json\/wp\/v2\/posts\/46681\/revisions"}],"wp:featuredmedia":[{"embeddable":true,"href":"https:\/\/linitiative.ca\/International\/wp-json\/"}],"wp:attachment":[{"href":"https:\/\/linitiative.ca\/International\/wp-json\/wp\/v2\/media?parent=46681"}],"wp:term":[{"taxonomy":"category","embeddable":true,"href":"https:\/\/linitiative.ca\/International\/wp-json\/wp\/v2\/categories?post=46681"},{"taxonomy":"post_tag","embeddable":true,"href":"https:\/\/linitiative.ca\/International\/wp-json\/wp\/v2\/tags?post=46681"}],"curies":[{"name":"wp","href":"https:\/\/api.w.org\/{rel}","templated":true}]}}