{"id":46688,"date":"2019-07-16T18:32:16","date_gmt":"2019-07-16T22:32:16","guid":{"rendered":"https:\/\/linitiative.ca\/International\/france-de-rugy-craque\/"},"modified":"2019-07-16T18:32:16","modified_gmt":"2019-07-16T22:32:16","slug":"france-de-rugy-craque","status":"publish","type":"post","link":"https:\/\/linitiative.ca\/International\/france-de-rugy-craque\/","title":{"rendered":"France\u00a0: De Rugy craque"},"content":{"rendered":"<div class=\"td-post-featured-image\"><a href=\"https:\/\/i1.wp.com\/www.sidwaya.info\/wp-content\/uploads\/2019\/07\/mercure.jpg?fit=709%2C510&#038;ssl=1\" data-caption=\"\"><img loading=\"lazy\" decoding=\"async\" width=\"696\" height=\"501\" class=\"entry-thumb td-modal-image\" src=\"https:\/\/i1.wp.com\/www.sidwaya.info\/wp-content\/uploads\/2019\/07\/mercure.jpg?resize=696%2C501&#038;ssl=1\" srcset=\"https:\/\/i1.wp.com\/www.sidwaya.info\/wp-content\/uploads\/2019\/07\/mercure.jpg?w=709&#038;ssl=1 709w, https:\/\/i1.wp.com\/www.sidwaya.info\/wp-content\/uploads\/2019\/07\/mercure.jpg?resize=300%2C216&#038;ssl=1 300w, https:\/\/i1.wp.com\/www.sidwaya.info\/wp-content\/uploads\/2019\/07\/mercure.jpg?resize=696%2C501&#038;ssl=1 696w, https:\/\/i1.wp.com\/www.sidwaya.info\/wp-content\/uploads\/2019\/07\/mercure.jpg?resize=584%2C420&#038;ssl=1 584w\" sizes=\"auto, (max-width: 696px) 100vw, 696px\" alt=\"\" title=\"mercure\"\/><\/a><\/div>\n<p>Accul\u00e9 par la presse depuis maintenant une semaine, le ministre fran\u00e7ais de la Transition \u00e9cologique et solidaire, Fran\u00e7ois De Rugy, a finalement craqu\u00e9. Au c\u0153ur d\u2019une vive critique sur des d\u00e9penses excessives et la location d\u2019un logement social, l\u2019\u00e9cologiste a jet\u00e9 l\u2019\u00e9ponge en pr\u00e9sentant, hier mardi 16 juillet 2019, dans l\u2019apr\u00e8s-midi, sa d\u00e9mission de l\u2019ex\u00e9cutif. Il avait pourtant d\u00e9clar\u00e9, il y a quelques jours, ne pas vouloir abandonner son poste. Que s\u2019est-il pass\u00e9 pour que celui qui est pr\u00e9sent\u00e9 comme le N\u00b02 du gouvernement fran\u00e7ais prenne une telle d\u00e9cision\u00a0? Il faut \u00eatre dans les secrets des dieux pour le savoir. Mais en attendant, les commentaires vont bon train. L\u2019int\u00e9ress\u00e9, lui, motive sa d\u00e9cision par le fait qu\u2019il veut mieux pr\u00e9parer sa d\u00e9fense.<\/p>\n<p>Dans un communiqu\u00e9, il a justifi\u00e9 les raisons qui l\u2019ont conduit \u00e0 d\u00e9missionner. \u00abLes attaques dont ma famille fait l\u2019objet me conduisent aujourd\u2019hui \u00e0 prendre le recul n\u00e9cessaire. Ce que chacun comprendra. La mobilisation n\u00e9cessaire pour me d\u00e9fendre fait que je ne suis pas en mesure d\u2019assumer sereinement et efficacement la mission que m\u2019ont confi\u00e9e le pr\u00e9sident de la R\u00e9publique et le Premier ministre\u00bb, a-t-il d\u00e9clar\u00e9. Et pourtant, le pr\u00e9sident fran\u00e7ais, Emmanuel Macron, avait, depuis son d\u00e9placement \u00e0 Belgrade, en Serbie, demand\u00e9 au Premier ministre, Edouard Phillip, \u00abd\u2019apporter toute la clart\u00e9\u00bb sur les r\u00e9v\u00e9lations de Mediapart.<\/p>\n<p>Fran\u00e7ois de Rugy n\u2019aura finalement pas attendu les r\u00e9sultats pour acter sa sortie du gouvernement. S\u2019estimant victime d\u2019un \u00ablynchage m\u00e9diatique\u00bb, il a d\u00e9clar\u00e9 avoir d\u00e9pos\u00e9 une plainte en diffamation contre le site d\u2019informations Mediapart. Pour le journal d\u2019investigation, c\u2019est plut\u00f4t la publication d\u2019un nouvel article concernant l\u2019utilisation des frais de mandat de De Rugy, lorsqu\u2019il \u00e9tait encore d\u00e9put\u00e9, qui a pr\u00e9cipit\u00e9 son d\u00e9part. La d\u00e9mission du ministre a \u00e9t\u00e9 accept\u00e9e par le pr\u00e9sident Macron comme ce fut le cas avec son pr\u00e9d\u00e9cesseur Nicolas Hulot en ao\u00fbt 2018. Ce dernier avait quitt\u00e9 le navire gouvernemental pour \u00abconvenance personnelle\u00bb, mais sans doute \u00e0 cause du fait qu\u2019il estimait \u00eatre \u00e0 la man\u0153uvre sur les enjeux environnementaux au sein de l\u2019ex\u00e9cutif fran\u00e7ais. Ces deux d\u00e9missions, au-del\u00e0 des pol\u00e9miques que cela peut susciter, constituent des signes de vitalit\u00e9 du jeu d\u00e9mocratique.<\/p>\n<p>Pour sauver leur honneur ou respecter les r\u00e8gles d\u00e9mocratiques pr\u00e9d\u00e9finies, certains hommes politiques doivent comprendre qu\u2019il y a parfois n\u00e9cessit\u00e9 \u00e0 jeter l\u2019\u00e9ponge. Une posture qui tranche avec les pratiques sous nos cieux. Dans la plupart des pays africains, les scandales se multiplient, alors que les pr\u00e9sum\u00e9s auteurs restent toujours accroch\u00e9s \u00e0 leurs postes. Ce qui peut parfois nuire \u00e0 l\u2019appareil \u00e9tatique. L\u2019exemple de Fran\u00e7ois de Rugy doit inspirer les d\u00e9cideurs ou responsables du continent noir, embourb\u00e9s dans des affaires louches. De toute \u00e9vidence, l\u2019\u00e9volution sociopolitique des pays africains laisse pr\u00e9sager que la culture de la d\u00e9mission de gr\u00e9 ou de force est une qu\u00eate des populations qui aspirent de plus en plus au changement et \u00e0 la bonne gouvernance. Les exemples en la mati\u00e8re fusent d\u00e9j\u00e0 de partout \u00e0 travers le continent. Les pr\u00e9sidents soudanais Omar El B\u00e9chir et alg\u00e9rien Abdel Aziz Bouteflika pour ne citer que les plus r\u00e9cents, n\u2019ont-ils pas rendu le tablier sous la menace populaire\u00a0?<\/p>\n<p class=\"c1\"><strong>\u00a0Abdoulaye BALBONE<\/strong><\/p>\n<div class=\"td-a-rec td-a-rec-id-content_bottom td_uid_30_5d2f091db8361_rand td_block_template_1\"><img loading=\"lazy\" decoding=\"async\" class=\"aligncenter size-full wp-image-9623\" src=\"https:\/\/www.sidwaya.info\/wp-content\/uploads\/2019\/06\/Projet-bannie%CC%80re-Orange-mobile.jpg\" alt=\"\" width=\"728\" height=\"81\"\/><\/div>\n<p>Auteur: DD. Sidwaya<br \/>\n<a href=\"https:\/\/www.sidwaya.info\/blog\/2019\/07\/16\/france-de-rugy-craque\/\">Cliquez ici pour lire l&rsquo;article depuis sa source.<\/a><\/p>\n","protected":false},"excerpt":{"rendered":"<p>Accul\u00e9 par la presse depuis maintenant une semaine, le ministre fran\u00e7ais de la Transition \u00e9cologique et solidaire, Fran\u00e7ois De Rugy, a finalement craqu\u00e9. Au c\u0153ur d\u2019une vive critique sur des d\u00e9penses excessives et la location d\u2019un logement social, l\u2019\u00e9cologiste a jet\u00e9 l\u2019\u00e9ponge en pr\u00e9sentant, hier mardi 16 juillet 2019, dans l\u2019apr\u00e8s-midi, sa d\u00e9mission de l\u2019ex\u00e9cutif. [&hellip;]<\/p>\n","protected":false},"author":1816,"featured_media":0,"comment_status":"closed","ping_status":"closed","sticky":false,"template":"","format":"standard","meta":{"fifu_image_url":"","fifu_image_alt":"","footnotes":""},"categories":[73,81],"tags":[],"class_list":["post-46688","post","type-post","status-publish","format-standard","hentry","category-actualite","category-burkina-faso"],"_links":{"self":[{"href":"https:\/\/linitiative.ca\/International\/wp-json\/wp\/v2\/posts\/46688","targetHints":{"allow":["GET"]}}],"collection":[{"href":"https:\/\/linitiative.ca\/International\/wp-json\/wp\/v2\/posts"}],"about":[{"href":"https:\/\/linitiative.ca\/International\/wp-json\/wp\/v2\/types\/post"}],"author":[{"embeddable":true,"href":"https:\/\/linitiative.ca\/International\/wp-json\/wp\/v2\/users\/1816"}],"replies":[{"embeddable":true,"href":"https:\/\/linitiative.ca\/International\/wp-json\/wp\/v2\/comments?post=46688"}],"version-history":[{"count":0,"href":"https:\/\/linitiative.ca\/International\/wp-json\/wp\/v2\/posts\/46688\/revisions"}],"wp:attachment":[{"href":"https:\/\/linitiative.ca\/International\/wp-json\/wp\/v2\/media?parent=46688"}],"wp:term":[{"taxonomy":"category","embeddable":true,"href":"https:\/\/linitiative.ca\/International\/wp-json\/wp\/v2\/categories?post=46688"},{"taxonomy":"post_tag","embeddable":true,"href":"https:\/\/linitiative.ca\/International\/wp-json\/wp\/v2\/tags?post=46688"}],"curies":[{"name":"wp","href":"https:\/\/api.w.org\/{rel}","templated":true}]}}