{"id":46693,"date":"2019-07-17T06:58:38","date_gmt":"2019-07-17T10:58:38","guid":{"rendered":"https:\/\/linitiative.ca\/International\/aeroport-hausse-de-3623-du-trafic-aerien-en-juin-2019\/"},"modified":"2019-07-17T06:58:38","modified_gmt":"2019-07-17T10:58:38","slug":"aeroport-hausse-de-3623-du-trafic-aerien-en-juin-2019","status":"publish","type":"post","link":"https:\/\/linitiative.ca\/International\/aeroport-hausse-de-3623-du-trafic-aerien-en-juin-2019\/","title":{"rendered":"A\u00e9roport: Hausse de 36,23% du trafic a\u00e9rien en juin 2019"},"content":{"rendered":"<div readability=\"34\">\n<p>Marrakech \u2013 Le trafic des passagers \u00e0 l\u2019a\u00e9roport international de Marrakech-Menara a affich\u00e9 une nette hausse de 36,23% en juin dernier par rapport au m\u00eame mois de l\u2019ann\u00e9e 2018.<\/p>\n<\/div>\n<div readability=\"78\">\n<p>Selon les statistiques publi\u00e9es par l\u2019Office National des A\u00e9roports (ONDA), l\u2019a\u00e9roport international de la cit\u00e9 ocre a accueilli un total de 513.539 passagers le mois dernier contre 376.962 voyageurs en juin 2018.<\/p>\n<p>Avec cette importante \u00e9volution \u00e0 deux chiffres, cette infrastructure a\u00e9roportuaire s\u2019est accapar\u00e9e 24,53% du trafic a\u00e9rien commercial global en juin dernier, occupant ainsi la 2\u00e8me place derri\u00e8re l\u2019a\u00e9roport international Mohammed V de Casablanca (41,93%).<\/p>\n<p>S\u2019agissant des mouvements d\u2019avions durant le mois de juin, la part de l\u2019a\u00e9roport de la cit\u00e9 ocre s\u2019est \u00e9tablie \u00e0 20,07% sur les 17.774 mouvements d\u2019avion enregistr\u00e9s au niveau national, derri\u00e8re l\u2019a\u00e9roport international Mohammed V de Casablanca (44,53%).<\/p>\n<p>Pour ce qui est des 3 premi\u00e8res routes a\u00e9riennes domestiques, l\u2019Office a indiqu\u00e9 que la ligne Casablanca-Marrakech a occup\u00e9 la 2\u00e8me position avec 36.696 passagers derri\u00e8re la ligne Casablanca-Agadir (43.534), alors que la 3\u00e8me place du podium est revenue \u00e0 la ligne Casablanca-Dakhla avec 25.387 voyageurs.<\/p>\n<p>L\u2019ONDA a, en outre, fait savoir que la ligne Marrakech-Paris-Orly a occup\u00e9, en juin dernier, la troisi\u00e8me place du top 5 des routes a\u00e9riennes internationales avec 44.487 passagers, alors que la ligne Marrakech-Madrid a occup\u00e9 le 4\u00e8me rang avec 35.688 voyageurs.<\/p>\n<p>A noter que le transport a\u00e9rien de passagers a enregistr\u00e9 un record historique au Maroc en juin dernier, en r\u00e9alisant une progression de 26,54% par rapport \u00e0 la m\u00eame p\u00e9riode de 2018.<\/p>\n<p>Ainsi, un total de 2.093.323 voyageurs ont transit\u00e9 par les a\u00e9roports du Royaume au cours du mois de juin, soit 439.000 passagers suppl\u00e9mentaires, selon les chiffres de l\u2019ONDA<\/p>\n<\/div>\n<p>Auteur: Meriem IGASS<br \/>\n<a href=\"http:\/\/www.mapmarrakech.ma\/fr\/aeroport-marrakech-menara-hausse-de-3623-du-trafic-aerien-en-juin\/\">Cliquez ici pour lire l&rsquo;article depuis sa source.<\/a><\/p>\n","protected":false},"excerpt":{"rendered":"<p>Marrakech \u2013 Le trafic des passagers \u00e0 l\u2019a\u00e9roport international de Marrakech-Menara a affich\u00e9 une nette hausse de 36,23% en juin dernier par rapport au m\u00eame mois de l\u2019ann\u00e9e 2018. Selon les statistiques publi\u00e9es par l\u2019Office National des A\u00e9roports (ONDA), l\u2019a\u00e9roport international de la cit\u00e9 ocre a accueilli un total de 513.539 passagers le mois dernier [&hellip;]<\/p>\n","protected":false},"author":1788,"featured_media":0,"comment_status":"closed","ping_status":"closed","sticky":false,"template":"","format":"standard","meta":{"fifu_image_url":"","fifu_image_alt":"","footnotes":""},"categories":[54,76],"tags":[],"class_list":["post-46693","post","type-post","status-publish","format-standard","hentry","category-maroc","category-regions"],"_links":{"self":[{"href":"https:\/\/linitiative.ca\/International\/wp-json\/wp\/v2\/posts\/46693","targetHints":{"allow":["GET"]}}],"collection":[{"href":"https:\/\/linitiative.ca\/International\/wp-json\/wp\/v2\/posts"}],"about":[{"href":"https:\/\/linitiative.ca\/International\/wp-json\/wp\/v2\/types\/post"}],"author":[{"embeddable":true,"href":"https:\/\/linitiative.ca\/International\/wp-json\/wp\/v2\/users\/1788"}],"replies":[{"embeddable":true,"href":"https:\/\/linitiative.ca\/International\/wp-json\/wp\/v2\/comments?post=46693"}],"version-history":[{"count":0,"href":"https:\/\/linitiative.ca\/International\/wp-json\/wp\/v2\/posts\/46693\/revisions"}],"wp:attachment":[{"href":"https:\/\/linitiative.ca\/International\/wp-json\/wp\/v2\/media?parent=46693"}],"wp:term":[{"taxonomy":"category","embeddable":true,"href":"https:\/\/linitiative.ca\/International\/wp-json\/wp\/v2\/categories?post=46693"},{"taxonomy":"post_tag","embeddable":true,"href":"https:\/\/linitiative.ca\/International\/wp-json\/wp\/v2\/tags?post=46693"}],"curies":[{"name":"wp","href":"https:\/\/api.w.org\/{rel}","templated":true}]}}