{"id":46698,"date":"2019-07-16T18:35:08","date_gmt":"2019-07-16T22:35:08","guid":{"rendered":"https:\/\/linitiative.ca\/International\/lutte-contre-linsecurite-2136-policiers-en-renfort\/"},"modified":"2019-07-16T18:35:08","modified_gmt":"2019-07-16T22:35:08","slug":"lutte-contre-linsecurite-2136-policiers-en-renfort","status":"publish","type":"post","link":"https:\/\/linitiative.ca\/International\/lutte-contre-linsecurite-2136-policiers-en-renfort\/","title":{"rendered":"Lutte contre l\u2019ins\u00e9curit\u00e9  : 2136 policiers en renfort"},"content":{"rendered":"<div class=\"td-post-featured-image\"><a href=\"https:\/\/i0.wp.com\/www.sidwaya.info\/wp-content\/uploads\/2019\/07\/1-31.jpg?fit=738%2C493&#038;ssl=1\" data-caption=\"\"><img loading=\"lazy\" decoding=\"async\" width=\"696\" height=\"465\" class=\"entry-thumb td-modal-image\" src=\"https:\/\/i0.wp.com\/www.sidwaya.info\/wp-content\/uploads\/2019\/07\/1-31.jpg?resize=696%2C465&#038;ssl=1\" srcset=\"https:\/\/i0.wp.com\/www.sidwaya.info\/wp-content\/uploads\/2019\/07\/1-31.jpg?w=738&#038;ssl=1 738w, https:\/\/i0.wp.com\/www.sidwaya.info\/wp-content\/uploads\/2019\/07\/1-31.jpg?resize=300%2C200&#038;ssl=1 300w, https:\/\/i0.wp.com\/www.sidwaya.info\/wp-content\/uploads\/2019\/07\/1-31.jpg?resize=696%2C465&#038;ssl=1 696w, https:\/\/i0.wp.com\/www.sidwaya.info\/wp-content\/uploads\/2019\/07\/1-31.jpg?resize=629%2C420&#038;ssl=1 629w\" sizes=\"auto, (max-width: 696px) 100vw, 696px\" alt=\"\" title=\"1\"\/><\/a><\/div>\n<p><strong>L\u2019Ecole nationale de Police (ENP), a organis\u00e9 la sortie de sa 48e promotion, le lundi 15 juillet 2019 \u00e0 Ouagadougou. Baptis\u00e9e \u00abEngagement patriotique\u00bb, avec pour parrain l\u2019ancien ministre Cl\u00e9ment Sawadogo, cette cuv\u00e9e de 2136 \u00e9l\u00e8ves a \u00e9t\u00e9 invit\u00e9e \u00e0 servir dans la discipline.<\/strong><\/p>\n<p>De 2151 au d\u00e9part (dont cinq redoublants), 2136 \u00e9l\u00e8ves de la 48e promotion de l\u2019Ecole nationale de Police (ENP) ont \u00e9t\u00e9 d\u00e9clar\u00e9s admis apr\u00e8s deux ann\u00e9es de formation. Pour les 15 autres \u00e9l\u00e8ves, 14 ont \u00e9t\u00e9 assign\u00e9s \u00e0 redoubler pour faute de moyenne (inf\u00e9rieure \u00e0 12\/20) et un est d\u00e9c\u00e9d\u00e9, selon le Commissaire principal de police Lassina Traor\u00e9, coordonnateur des \u00e9tudes et des stages. Compos\u00e9s de 1906 sous-officiers de police et 230 fonctionnaires de la police municipale, ils ont effectu\u00e9 leur sortie, le lundi 15 juillet 2019 \u00e0 Ouagadougou. Pour le directeur, Si\u00e9 Ti\u00e9fi Dabir\u00e9, aucun effort n\u2019a \u00e9t\u00e9 m\u00e9nag\u00e9 durant la formation de cette promotion pour lui donner les aptitudes n\u00e9cessaires \u00e0 la protection des populations. Mieux, a-t-il dit, quelques innovations ont \u00e9t\u00e9 apport\u00e9es.<\/p>\n<p>Il s\u2019agit, notamment, de l\u2019introduction d\u2019un module intitul\u00e9 \u00abformation militaire continue\u00bb, une sorte de recyclage permanent dans les tactiques d\u2019intervention et le commandement, le renforcement du module de formation au code de la route et la mise en \u0153uvre effective de l\u2019examen terminal unique. Au finish, a affirm\u00e9 M. Dabir\u00e9, il y a eu de l\u2019excellence dans la formation de cette promotion. Aux sortants, il a rappel\u00e9 la citation d\u2019un \u00e9crivain fran\u00e7ais pour qui \u00able chemin de l\u2019excellence est la discipline\u00bb, les invitant \u00e0 garder cela en t\u00eate tout le long de leur carri\u00e8re. Le ministre de la S\u00e9curit\u00e9, Ouss\u00e9ni Compaor\u00e9, a pr\u00e9cis\u00e9 que les \u00e9l\u00e8ves ont d\u00e9velopp\u00e9 des aptitudes physiques et professionnelles \u00e0 travers l\u2019initiation au maniement des armes et l\u2019apprentissage des proc\u00e9dures d\u2019action et des techniques d\u2019intervention. Il a aussi fait cas du th\u00e8me de cette c\u00e9r\u00e9monie de sortie\u00a0: \u00abRenforcer la formation initiale du policier dans la lutte contre l\u2019ins\u00e9curit\u00e9\u00bb qui, \u00e0 son avis, les interpelle sur la \u00abn\u00e9cessit\u00e9 absolue\u00bb de repenser le syst\u00e8me dans les \u00e9coles en vue de le mettre en ad\u00e9quation avec les exigences du terrain. Le ministre Compaor\u00e9 s\u2019est exprim\u00e9 sur l\u2019actualit\u00e9 s\u00e9curitaire du pays. Il a rendu hommage \u00e0 ceux qui ont perdu la vie, et rappel\u00e9 l\u2019aspiration des Burkinab\u00e8 \u00e0 vivre dans la qui\u00e9tude. \u00abPr\u00eats \u00e0 relever les d\u00e9fis de la s\u00e9curit\u00e9\u00bb<\/p>\n<p>Il a assur\u00e9 que pour relever les d\u00e9fis s\u00e9curitaires, les Forces de d\u00e9fense et de s\u00e9curit\u00e9 (FDS) doivent s\u2019unir, \u00abmain dans la main, coude-\u00e0-coude et pas-\u00e0-pas\u00bb\u00a0pour vaincre l\u2019ennemi. Pour sa part, le d\u00e9l\u00e9gu\u00e9 g\u00e9n\u00e9ral des \u00e9l\u00e8ves, Xavier Mobidi, a soutenu qu\u2019ils sont aptes \u00e0 mener \u00e0 bien leur mission. Selon lui, l\u2019agent de s\u00e9curit\u00e9 est celui qui est le mieux form\u00e9 tant contre l\u2019incivisme, que l\u2019ins\u00e9curit\u00e9, le grand banditisme \u2026\u00abNous sommes pr\u00eats \u00e0 relever les d\u00e9fis de la s\u00e9curit\u00e9 sur le terrain et non pas \u00e0 aller gonfler les troupes\u00bb, a-t-il dit en substance. La c\u00e9r\u00e9monie de sortie de la 48e promotion de l\u2019ENP a \u00e9t\u00e9 plac\u00e9e sous la pr\u00e9sidence du Premier ministre, repr\u00e9sent\u00e9 par le ministre d\u2019Etat, ministre de la D\u00e9fense nationale et des Anciens combattants, Ch\u00e9riff Sy. Le parrain, Cl\u00e9ment Sawadogo ex-ministre de la S\u00e9curit\u00e9, il a \u00e9t\u00e9, lui aussi, repr\u00e9sent\u00e9 par Pascal Tema\u00ef Benon.<\/p>\n<p class=\"c1\"><strong>Tielm\u00e8 Innocent KAMBIRE &#038;<\/strong><\/p>\n<p class=\"c1\"><strong>Franck POUGBILA (Stagiaire)<\/strong><\/p>\n<div class=\"td-a-rec td-a-rec-id-content_bottom td_uid_30_5d2f092166266_rand td_block_template_1\"><img loading=\"lazy\" decoding=\"async\" class=\"aligncenter size-full wp-image-9623\" src=\"https:\/\/www.sidwaya.info\/wp-content\/uploads\/2019\/06\/Projet-bannie%CC%80re-Orange-mobile.jpg\" alt=\"\" width=\"728\" height=\"81\"\/><\/div>\n<p>Auteur: DD. Sidwaya<br \/>\n<a href=\"https:\/\/www.sidwaya.info\/blog\/2019\/07\/16\/lutte-contre-linsecurite-2136-policiers-en-renfort\/\">Cliquez ici pour lire l&rsquo;article depuis sa source.<\/a><\/p>\n","protected":false},"excerpt":{"rendered":"<p>L\u2019Ecole nationale de Police (ENP), a organis\u00e9 la sortie de sa 48e promotion, le lundi 15 juillet 2019 \u00e0 Ouagadougou. Baptis\u00e9e \u00abEngagement patriotique\u00bb, avec pour parrain l\u2019ancien ministre Cl\u00e9ment Sawadogo, cette cuv\u00e9e de 2136 \u00e9l\u00e8ves a \u00e9t\u00e9 invit\u00e9e \u00e0 servir dans la discipline. De 2151 au d\u00e9part (dont cinq redoublants), 2136 \u00e9l\u00e8ves de la 48e [&hellip;]<\/p>\n","protected":false},"author":1816,"featured_media":0,"comment_status":"closed","ping_status":"closed","sticky":false,"template":"","format":"standard","meta":{"fifu_image_url":"","fifu_image_alt":"","footnotes":""},"categories":[73,81],"tags":[],"class_list":["post-46698","post","type-post","status-publish","format-standard","hentry","category-actualite","category-burkina-faso"],"_links":{"self":[{"href":"https:\/\/linitiative.ca\/International\/wp-json\/wp\/v2\/posts\/46698","targetHints":{"allow":["GET"]}}],"collection":[{"href":"https:\/\/linitiative.ca\/International\/wp-json\/wp\/v2\/posts"}],"about":[{"href":"https:\/\/linitiative.ca\/International\/wp-json\/wp\/v2\/types\/post"}],"author":[{"embeddable":true,"href":"https:\/\/linitiative.ca\/International\/wp-json\/wp\/v2\/users\/1816"}],"replies":[{"embeddable":true,"href":"https:\/\/linitiative.ca\/International\/wp-json\/wp\/v2\/comments?post=46698"}],"version-history":[{"count":0,"href":"https:\/\/linitiative.ca\/International\/wp-json\/wp\/v2\/posts\/46698\/revisions"}],"wp:attachment":[{"href":"https:\/\/linitiative.ca\/International\/wp-json\/wp\/v2\/media?parent=46698"}],"wp:term":[{"taxonomy":"category","embeddable":true,"href":"https:\/\/linitiative.ca\/International\/wp-json\/wp\/v2\/categories?post=46698"},{"taxonomy":"post_tag","embeddable":true,"href":"https:\/\/linitiative.ca\/International\/wp-json\/wp\/v2\/tags?post=46698"}],"curies":[{"name":"wp","href":"https:\/\/api.w.org\/{rel}","templated":true}]}}