{"id":46699,"date":"2019-07-17T05:30:19","date_gmt":"2019-07-17T09:30:19","guid":{"rendered":"https:\/\/linitiative.ca\/International\/un-projet-darrete-a-ete-elabore-par-la-tutelle-vers-la-mise-en-place-dune-caisse-sociale-pour-les-auteurs\/"},"modified":"2019-07-17T05:30:19","modified_gmt":"2019-07-17T09:30:19","slug":"un-projet-darrete-a-ete-elabore-par-la-tutelle-vers-la-mise-en-place-dune-caisse-sociale-pour-les-auteurs","status":"publish","type":"post","link":"https:\/\/linitiative.ca\/International\/un-projet-darrete-a-ete-elabore-par-la-tutelle-vers-la-mise-en-place-dune-caisse-sociale-pour-les-auteurs\/","title":{"rendered":"Un projet d\u2019arr\u00eat\u00e9 a \u00e9t\u00e9 \u00e9labor\u00e9 par la tutelle  : Vers la mise en place d\u2019une Caisse sociale pour les auteurs"},"content":{"rendered":"<header>\n<div class=\"entry-post-meta\">\n<p>Date\u00a0:<time content=\"2019-07-17T10:30:19+00:00\" class=\"entry-date updated\" datetime=\"2019-07-17T10:30:19+00:00\">juillet 17, 2019<\/time><\/p>\n<div class=\"entry-cat\">dans:<a href=\"http:\/\/aujourdhui.ma\/category\/culture\" rel=\"category tag\">Culture<\/a><\/div>\n<p>1Vues<\/p>\n<\/div>\n<\/header>\n<div class=\"entry-content clearfix\" readability=\"52\"><img decoding=\"async\" class=\"post_layout_5_img\" src=\"http:\/\/aujourdhui.ma\/wp-content\/uploads\/2019\/07\/mohamed-laaraj.jpg?x29840\" alt=\"Un projet d\u2019arr\u00eat\u00e9 a \u00e9t\u00e9 \u00e9labor\u00e9 par la tutelle : Vers la mise en place d\u2019une Caisse sociale pour les auteurs\"\/><\/p>\n<p><span class=\"c4\"><strong>Apr\u00e8s avoir adopt\u00e9 un plan d\u2019action urgent pour la gestion du Bureau marocain des droits d\u2019auteur, le d\u00e9partement de Mohamed Laaraj s\u2019attaque cette fois-ci au r\u00e9gime social des auteurs<\/strong><\/span>.R\u00e9pondant \u00e0 une question orale sur \u00abla modernisation et le d\u00e9veloppement du cadre juridique et institutionnel du Bureau marocain du droit d\u2019auteur\u00bb, le ministre de la culture et de la communication a annonc\u00e9 en effet que son d\u00e9partement a \u00e9labor\u00e9 un projet d\u2019arr\u00eat\u00e9 relatif \u00e0 la cr\u00e9ation d\u2019une Caisse sociale au profit des auteurs et la mise en place d\u2019une commission ad hoc. A ce sujet, il a assur\u00e9 que \u00able minist\u00e8re \u0153uvre pour le renforcement du dispositif l\u00e9gal et r\u00e9glementaire du Bureau, en mettant en place un cadre l\u00e9gal moderne et d\u00e9velopp\u00e9\u00bb, affirmant que \u00ables auteurs seront repr\u00e9sent\u00e9s dans le conseil d\u2019administration conform\u00e9ment aux r\u00e8gles de bonne gouvernance et selon une approche participative effective\u00bb. Dans ce sens, la loi 2.00 sera modifi\u00e9e et compl\u00e9t\u00e9e en harmonie avec les l\u00e9gislations et conventions internationales en la mati\u00e8re, afin de renforcer et de consacrer la protection des droits d\u2019auteur, tout en \u00e9largissant leur champ.M. Laaraj a not\u00e9 que son d\u00e9partement est d\u00e9termin\u00e9 \u00e0 se mettre en conformit\u00e9 avec les trait\u00e9s et conventions internationaux ratifi\u00e9s par le Maroc derni\u00e8rement, dont le Trait\u00e9 de P\u00e9kin sur les interpr\u00e9tations et ex\u00e9cutions audiovisuelles et le Trait\u00e9 de Marrakech visant \u00e0 faciliter l\u2019acc\u00e8s aux \u0153uvres publi\u00e9es des aveugles, des d\u00e9ficients visuels et des personnes ayant d\u2019autres difficult\u00e9s de lecture des textes imprim\u00e9s. Et de faire savoir que le Bureau se penche actuellement sur la mise en \u0153uvre des textes relatifs aux droits voisins, en plus de la mise en application du syst\u00e8me d\u2019adh\u00e9sion et du syst\u00e8me de distribution pour encourager les auteurs et cr\u00e9ateurs, toutes cat\u00e9gories confondues, \u00e0 adh\u00e9rer au Bureau et \u00e0 d\u00e9clarer leurs \u0153uvres. Le ministre a, en outre, insist\u00e9 sur la valorisation et la mise \u00e0 niveau des ressources humaines, \u00e0 travers l\u2019\u00e9laboration du statut du personnel du Bureau et la mise \u00e0 la disposition de son staff des outils, mat\u00e9riel et appareils n\u00e9cessaires pour accomplir ses missions dans les meilleures conditions.<\/p>\n<\/div>\n<p>Auteur: Siham Jadraoui<br \/>\n<a href=\"http:\/\/aujourdhui.ma\/culture\/un-projet-darrete-a-ete-elabore-par-la-tutelle-vers-la-mise-en-place-dune-caisse-sociale-pour-les-auteurs\">Cliquez ici pour lire l&rsquo;article depuis sa source.<\/a><\/p>\n","protected":false},"excerpt":{"rendered":"<p>Date\u00a0:juillet 17, 2019 dans:Culture 1Vues Apr\u00e8s avoir adopt\u00e9 un plan d\u2019action urgent pour la gestion du Bureau marocain des droits d\u2019auteur, le d\u00e9partement de Mohamed Laaraj s\u2019attaque cette fois-ci au r\u00e9gime social des auteurs.R\u00e9pondant \u00e0 une question orale sur \u00abla modernisation et le d\u00e9veloppement du cadre juridique et institutionnel du Bureau marocain du droit d\u2019auteur\u00bb, [&hellip;]<\/p>\n","protected":false},"author":1759,"featured_media":0,"comment_status":"closed","ping_status":"closed","sticky":false,"template":"","format":"standard","meta":{"fifu_image_url":"","fifu_image_alt":"","footnotes":""},"categories":[73,54],"tags":[],"class_list":["post-46699","post","type-post","status-publish","format-standard","hentry","category-actualite","category-maroc"],"_links":{"self":[{"href":"https:\/\/linitiative.ca\/International\/wp-json\/wp\/v2\/posts\/46699","targetHints":{"allow":["GET"]}}],"collection":[{"href":"https:\/\/linitiative.ca\/International\/wp-json\/wp\/v2\/posts"}],"about":[{"href":"https:\/\/linitiative.ca\/International\/wp-json\/wp\/v2\/types\/post"}],"author":[{"embeddable":true,"href":"https:\/\/linitiative.ca\/International\/wp-json\/wp\/v2\/users\/1759"}],"replies":[{"embeddable":true,"href":"https:\/\/linitiative.ca\/International\/wp-json\/wp\/v2\/comments?post=46699"}],"version-history":[{"count":0,"href":"https:\/\/linitiative.ca\/International\/wp-json\/wp\/v2\/posts\/46699\/revisions"}],"wp:attachment":[{"href":"https:\/\/linitiative.ca\/International\/wp-json\/wp\/v2\/media?parent=46699"}],"wp:term":[{"taxonomy":"category","embeddable":true,"href":"https:\/\/linitiative.ca\/International\/wp-json\/wp\/v2\/categories?post=46699"},{"taxonomy":"post_tag","embeddable":true,"href":"https:\/\/linitiative.ca\/International\/wp-json\/wp\/v2\/tags?post=46699"}],"curies":[{"name":"wp","href":"https:\/\/api.w.org\/{rel}","templated":true}]}}