{"id":46719,"date":"2019-07-17T07:00:49","date_gmt":"2019-07-17T11:00:49","guid":{"rendered":"https:\/\/linitiative.ca\/International\/federation-de-la-chimie-et-de-la-parachimie-le-partenariat-institutionnel-renforce\/"},"modified":"2019-07-17T07:00:49","modified_gmt":"2019-07-17T11:00:49","slug":"federation-de-la-chimie-et-de-la-parachimie-le-partenariat-institutionnel-renforce","status":"publish","type":"post","link":"https:\/\/linitiative.ca\/International\/federation-de-la-chimie-et-de-la-parachimie-le-partenariat-institutionnel-renforce\/","title":{"rendered":"F\u00e9d\u00e9ration de la chimie et de la parachimie : Le partenariat institutionnel renforc\u00e9"},"content":{"rendered":"<header>\n<\/header>\n<div class=\"entry-content clearfix\" readability=\"48\"><img decoding=\"async\" class=\"post_layout_5_img\" src=\"http:\/\/aujourdhui.ma\/wp-content\/uploads\/2019\/07\/Laboratroire-chimie.jpg?x29840\" alt=\"F\u00e9d\u00e9ration de la chimie et de la parachimie : Le partenariat institutionnel renforc\u00e9\"\/><\/p>\n<p><span class=\"c4\"><strong>La F\u00e9d\u00e9ration de la chimie et de la parachimie (FCP) renforce sa coop\u00e9ration avec ses partenaires institutionnels.<\/strong><\/span> <span id=\"more-315156\"\/>En marge de son assembl\u00e9e g\u00e9n\u00e9rale ordinaire, tenue mardi 16 juillet \u00e0 Casablanca, la f\u00e9d\u00e9ration a sign\u00e9 trois conventions. La premi\u00e8re a \u00e9t\u00e9 conclue avec la Banque centrale populaire. Le groupe bancaire s\u2019est engag\u00e9 \u00e0 accompagner financi\u00e8rement les membres de la FCP m\u00eame au-del\u00e0 de 2020, date d\u2019\u00e9ch\u00e9ance des contrats programmes des \u00e9cosyst\u00e8mes du secteur. La FCP a scell\u00e9 un partenariat avec l\u2019Institut national de l\u2019environnement industriel et des risques (INERIS) portant ainsi sur une offre de formation adapt\u00e9e aux besoins des adh\u00e9rents de la f\u00e9d\u00e9ration. La troisi\u00e8me convention a \u00e9t\u00e9 \u00e9tablie avec la compagnie d\u2019assurance Allianz.Il s\u2019agit d\u2019un projet de partenariat assurance auto avec Le Chalet, agent g\u00e9n\u00e9ral d\u2019Allianz. Le partenariat s\u2019articule autour d\u2019une offre \u00e9toff\u00e9e de garantie qui r\u00e9pond aux besoins des membres de la FCP, notamment en termes de garantie tarifaire, de franchise et de prestations avant et apr\u00e8s-vente.Ces accords conclus interviennent \u00e0 18 mois restants de la fin du Plan d\u2019acc\u00e9l\u00e9ration industrielle ayant identifi\u00e9 des objectifs prometteurs pour ce secteur \u00e0 l\u2019horizon 2020. Toutefois, un long chemin reste \u00e0 parcourir pour remplir les objectifs escompt\u00e9s. La rencontre de la FCP \u00e9tait une occasion de dresser un bilan des deux \u00e9cosyst\u00e8mes op\u00e9rationnels ainsi que de promouvoir les opportunit\u00e9s d\u2019investissement.<br \/>Depuis l\u2019op\u00e9rationnalisation des \u00e9cosyst\u00e8mes \u00e0 ce jour, 31 projets ont \u00e9t\u00e9 accompagn\u00e9s. De m\u00eame 5.000 emplois ont \u00e9t\u00e9 cr\u00e9\u00e9s sur les 12.000 pr\u00e9vus, soit 40% de l\u2019objectif initial.Les participants \u00e0 cette rencontre ont soulign\u00e9 l\u2019aspect inclusif de l\u2019approche adopt\u00e9e par l\u2019interprofession. Cette vision s\u2019articule autour de la formation, la gestion de risque, l\u2019accompagnement des entreprises en partenariat avec des institutionnels de taille tels que Maroc PME, la CCG et l\u2019AMDIE. Les mois \u00e0 venir seront d\u00e9cisifs pour l\u2019ensemble des industriels de la chimie et parachimie.L\u2019urgence \u00e9tant d\u2019avancer dans la r\u00e9alisation des objectifs pr\u00f4n\u00e9s et de profiter des fonds mis \u00e0 leur disposition. L\u2019heure \u00e9tant \u00e9galement de relever les d\u00e9fis persistants, notamment la disponibilit\u00e9 du foncier. Les acteurs plaident pour abolition du zoning et d\u2019adapter une approche conforme \u00e0 la r\u00e9alit\u00e9 du secteur. Ils appellent \u00e9galement \u00e0 r\u00e9viser les seuils pour profiter des contrats programmes performants en ad\u00e9quation avec les projets propos\u00e9s. Autre challenge \u00e0 relever est l\u2019attractivit\u00e9 des investissements directs \u00e9trangers dans le secteur et ce en compl\u00e9mentarit\u00e9 avec le tissu local.<\/p>\n<\/div>\n<p>Auteur: Kawtar Tali<br \/>\n<a href=\"http:\/\/aujourdhui.ma\/economie\/federation-de-la-chimie-et-de-la-parachimie-le-partenariat-institutionnel-renforce\">Cliquez ici pour lire l&rsquo;article depuis sa source.<\/a><\/p>\n","protected":false},"excerpt":{"rendered":"<p>La F\u00e9d\u00e9ration de la chimie et de la parachimie (FCP) renforce sa coop\u00e9ration avec ses partenaires institutionnels. En marge de son assembl\u00e9e g\u00e9n\u00e9rale ordinaire, tenue mardi 16 juillet \u00e0 Casablanca, la f\u00e9d\u00e9ration a sign\u00e9 trois conventions. La premi\u00e8re a \u00e9t\u00e9 conclue avec la Banque centrale populaire. Le groupe bancaire s\u2019est engag\u00e9 \u00e0 accompagner financi\u00e8rement les [&hellip;]<\/p>\n","protected":false},"author":1759,"featured_media":0,"comment_status":"closed","ping_status":"closed","sticky":false,"template":"","format":"standard","meta":{"fifu_image_url":"","fifu_image_alt":"","footnotes":""},"categories":[73,54],"tags":[],"class_list":["post-46719","post","type-post","status-publish","format-standard","hentry","category-actualite","category-maroc"],"_links":{"self":[{"href":"https:\/\/linitiative.ca\/International\/wp-json\/wp\/v2\/posts\/46719","targetHints":{"allow":["GET"]}}],"collection":[{"href":"https:\/\/linitiative.ca\/International\/wp-json\/wp\/v2\/posts"}],"about":[{"href":"https:\/\/linitiative.ca\/International\/wp-json\/wp\/v2\/types\/post"}],"author":[{"embeddable":true,"href":"https:\/\/linitiative.ca\/International\/wp-json\/wp\/v2\/users\/1759"}],"replies":[{"embeddable":true,"href":"https:\/\/linitiative.ca\/International\/wp-json\/wp\/v2\/comments?post=46719"}],"version-history":[{"count":0,"href":"https:\/\/linitiative.ca\/International\/wp-json\/wp\/v2\/posts\/46719\/revisions"}],"wp:attachment":[{"href":"https:\/\/linitiative.ca\/International\/wp-json\/wp\/v2\/media?parent=46719"}],"wp:term":[{"taxonomy":"category","embeddable":true,"href":"https:\/\/linitiative.ca\/International\/wp-json\/wp\/v2\/categories?post=46719"},{"taxonomy":"post_tag","embeddable":true,"href":"https:\/\/linitiative.ca\/International\/wp-json\/wp\/v2\/tags?post=46719"}],"curies":[{"name":"wp","href":"https:\/\/api.w.org\/{rel}","templated":true}]}}