{"id":46722,"date":"2019-07-17T07:00:00","date_gmt":"2019-07-17T11:00:00","guid":{"rendered":"https:\/\/linitiative.ca\/International\/esca-veut-former-des-middle-managers\/"},"modified":"2019-07-17T07:00:00","modified_gmt":"2019-07-17T11:00:00","slug":"esca-veut-former-des-middle-managers","status":"publish","type":"post","link":"https:\/\/linitiative.ca\/International\/esca-veut-former-des-middle-managers\/","title":{"rendered":"Esca veut former des middle managers"},"content":{"rendered":"<div class=\"dnd-atom-wrapper type-image context-sdl_editor_representation\" contenteditable=\"false\">\n<div class=\"dnd-drop-wrapper image\"><img loading=\"lazy\" decoding=\"async\" typeof=\"foaf:Image\" class=\"img-responsive\" src=\"https:\/\/www.leconomiste.com\/sites\/default\/files\/eco7\/public\/thumbnails\/image\/esca_5557.jpg\" width=\"660\" height=\"330\" alt=\"esca_5557.jpg\" title=\"esca_5557.jpg\"\/><\/div>\n<\/div>\n<p class=\"rtejustify\">Pour r\u00e9pondre \u00e0 la forte demande des cadres interm\u00e9diaires, Esca \u00e9cole de management lance un nouveau programme pour la rentr\u00e9e 2019-2020. Il s\u2019agit du bachelor en gestion des entreprises qui aura pour objectif de former des middle managers capables de contribuer \u00e0 la performance des entreprises et \u00e0 leur internationalisation.\u00a0<br \/>La formation permettra aux \u00e9tudiants d\u2019acqu\u00e9rir les comp\u00e9tences n\u00e9cessaires selon les normes p\u00e9dagogiques nationales et internationales. Ils seront pr\u00e9par\u00e9s \u00e0 une sp\u00e9cialisation en e-business &#038; marketing digital, achat &#038; logistique internationale, gestion comptable &#038; financi\u00e8re et banque &#038; assurances. Gr\u00e2ce \u00e0 l\u2019accr\u00e9ditation AACSB r\u00e9cemment d\u00e9croch\u00e9e par l\u2019Esca, ils auront la possibilit\u00e9 de passer des semestres d\u2019\u00e9change ou poursuivre des \u00e9tudes de master \u00e0 l\u2019international dans des \u00e9tablissements de renom. Le programme s\u2019\u00e9tale sur trois ans. La 1re ann\u00e9e est ax\u00e9e sur la d\u00e9couverte du monde de l\u2019entreprise, la 2e ann\u00e9e vise \u00e0 ma\u00eetriser la pratique de gestion en entreprise et doter les \u00e9tudiants d\u2019un savoir approfondi et pratique du fonctionnement des march\u00e9s r\u00e9gionaux et internationaux. La 3e ann\u00e9e aura pour but de les pr\u00e9parer \u00e0 une sp\u00e9cialisation dans l\u2019une des fili\u00e8res choisies. Le bachelor en gestion des entreprises est ouvert \u00e0 tous les bacheliers. N\u00e9anmoins, une \u00e9tude de dossier, un test d\u2019admission et un entretien de motivation sont obligatoires \u00e0 passer afin d\u2019acc\u00e9der aux programmes.<\/p>\n<p class=\"rtejustify\">\u00a0<\/p>\n<p class=\"rtejustify\">\u00a0<\/p>\n<p>Auteur: mbasraoui<br \/>\n<a href=\"https:\/\/www.leconomiste.com\/article\/1047866-esca-veut-former-des-middle-managers\">Cliquez ici pour lire l&rsquo;article depuis sa source.<\/a><\/p>\n","protected":false},"excerpt":{"rendered":"<p>Pour r\u00e9pondre \u00e0 la forte demande des cadres interm\u00e9diaires, Esca \u00e9cole de management lance un nouveau programme pour la rentr\u00e9e 2019-2020. Il s\u2019agit du bachelor en gestion des entreprises qui aura pour objectif de former des middle managers capables de contribuer \u00e0 la performance des entreprises et \u00e0 leur internationalisation.\u00a0La formation permettra aux \u00e9tudiants d\u2019acqu\u00e9rir [&hellip;]<\/p>\n","protected":false},"author":1763,"featured_media":46726,"comment_status":"closed","ping_status":"closed","sticky":false,"template":"","format":"standard","meta":{"fifu_image_url":"","fifu_image_alt":"","footnotes":""},"categories":[78,54],"tags":[],"class_list":["post-46722","post","type-post","status-publish","format-standard","has-post-thumbnail","hentry","category-economie","category-maroc"],"_links":{"self":[{"href":"https:\/\/linitiative.ca\/International\/wp-json\/wp\/v2\/posts\/46722","targetHints":{"allow":["GET"]}}],"collection":[{"href":"https:\/\/linitiative.ca\/International\/wp-json\/wp\/v2\/posts"}],"about":[{"href":"https:\/\/linitiative.ca\/International\/wp-json\/wp\/v2\/types\/post"}],"author":[{"embeddable":true,"href":"https:\/\/linitiative.ca\/International\/wp-json\/wp\/v2\/users\/1763"}],"replies":[{"embeddable":true,"href":"https:\/\/linitiative.ca\/International\/wp-json\/wp\/v2\/comments?post=46722"}],"version-history":[{"count":0,"href":"https:\/\/linitiative.ca\/International\/wp-json\/wp\/v2\/posts\/46722\/revisions"}],"wp:featuredmedia":[{"embeddable":true,"href":"https:\/\/linitiative.ca\/International\/wp-json\/"}],"wp:attachment":[{"href":"https:\/\/linitiative.ca\/International\/wp-json\/wp\/v2\/media?parent=46722"}],"wp:term":[{"taxonomy":"category","embeddable":true,"href":"https:\/\/linitiative.ca\/International\/wp-json\/wp\/v2\/categories?post=46722"},{"taxonomy":"post_tag","embeddable":true,"href":"https:\/\/linitiative.ca\/International\/wp-json\/wp\/v2\/tags?post=46722"}],"curies":[{"name":"wp","href":"https:\/\/api.w.org\/{rel}","templated":true}]}}