{"id":46731,"date":"2019-07-17T07:00:47","date_gmt":"2019-07-17T11:00:47","guid":{"rendered":"https:\/\/linitiative.ca\/International\/professions-paramedicales-enfin-le-bout-du-tunnel\/"},"modified":"2019-07-17T07:00:47","modified_gmt":"2019-07-17T11:00:47","slug":"professions-paramedicales-enfin-le-bout-du-tunnel","status":"publish","type":"post","link":"https:\/\/linitiative.ca\/International\/professions-paramedicales-enfin-le-bout-du-tunnel\/","title":{"rendered":"Professions param\u00e9dicales: Enfin le bout du tunnel!"},"content":{"rendered":"<div readability=\"35\">\n<p>L\u2019adoption du projet de loi en 2e lecture en commission, avant d\u2019\u00eatre programm\u00e9 en pl\u00e9ni\u00e8re<\/p>\n<p>Le nouveau dispositif durcit les sanctions contre la pratique ill\u00e9gale de ces m\u00e9tiers<\/p>\n<\/div>\n<div readability=\"65\">\n<div class=\"dnd-atom-wrapper type-image context-sdl_editor_representation\" contenteditable=\"false\" readability=\"38\">\n<div class=\"dnd-drop-wrapper image\"><img loading=\"lazy\" decoding=\"async\" typeof=\"foaf:Image\" class=\"img-responsive\" src=\"https:\/\/www.leconomiste.com\/sites\/default\/files\/eco7\/public\/thumbnails\/image\/paramedicale_5557.jpg\" width=\"660\" height=\"330\" alt=\"paramedicale_5557.jpg\" title=\"paramedicale_5557.jpg\"\/><\/div>\n<p>\u00a0Le bras de fer entre les opticiens et les ophtalmologues, notamment apr\u00e8s l\u2019interdiction de la possibilit\u00e9 de mesure de l\u2019acuit\u00e9 visuelle, avait conduit au blocage du processus d\u2019adoption du projet de loi r\u00e9gissant les professions param\u00e9dicales, d\u00e9pos\u00e9 au Parlement en 2015\u00a0 (Ph. L\u2019Economiste)<\/p>\n<\/div>\n<p class=\"rtejustify\">LES professionnels des m\u00e9tiers param\u00e9dicaux commencent \u00e0 entrevoir le bout du tunnel. Le projet de loi r\u00e9gissant ces professions devra bient\u00f4t \u00eatre adopt\u00e9, apr\u00e8s plusieurs ann\u00e9es en stand-by. Ce texte, soumis au Parlement en juillet 2015, devra \u00eatre vot\u00e9 aujourd\u2019hui par les membres de la Commission des secteurs sociaux en 2e lecture, avant d\u2019\u00eatre programm\u00e9 en s\u00e9ance pl\u00e9ni\u00e8re avant la fin de cette session.<br \/>Le retard enregistr\u00e9 dans l\u2019examen de ce projet de loi est li\u00e9 au bras de fer que menaient les opticiens et les ophtalmologues, conduisant au blocage du processus d\u2019adoption. Les opticiens avaient, rappelons-le, organis\u00e9 une s\u00e9rie de sit-in pour faire pression sur les parlementaires en vue de retirer l\u2019amendement leur interdisant la pratique de certains actes, consid\u00e9r\u00e9s comme relevant exclusivement du p\u00e9rim\u00e8tre des m\u00e9decins. L\u2019article 6 de ce texte, approuv\u00e9 auparavant par la Chambre des conseillers, stipule que les opticiens ne peuvent d\u00e9livrer aucun dispositif m\u00e9dical d\u2019optique sans la prescription m\u00e9dicale, dans plusieurs situations. Il s\u2019agit notamment des patients de moins de 16 ans, de ceux dont l\u2019acuit\u00e9 visuelle est inf\u00e9rieure \u00e0 6\/10\u2026 Ce qui a suscit\u00e9 l\u2019ire des opticiens qui insistent sur leur \u00abdroit\u00bb de pratiquer ces actes comme il est pr\u00e9vu par le dahir d\u2019octobre 1954. Pour d\u00e9bloquer la situation, les nouvelles conditions pr\u00e9vues par l\u2019article 6 ont \u00e9t\u00e9 maintenues. Cette question sera tranch\u00e9e par d\u00e9cret, comme cela est stipul\u00e9 par l\u2019article 4. Celui-ci pr\u00e9cise qu\u2019un \u00abtexte r\u00e9glementaire d\u00e9finira, apr\u00e8s consultation de l\u2019Ordre national des professions param\u00e9dicale et l\u2019Ordre national des m\u00e9decins, les sp\u00e9cialit\u00e9s qui seront pratiqu\u00e9es par les professionnels couverts par cette loi, notamment les actes qui ne peuvent \u00eatre r\u00e9alis\u00e9s que sur prescription m\u00e9dicale ou sous la supervision d\u2019un m\u00e9decin\u00bb.<br \/>Aujourd\u2019hui, l\u2019acc\u00e9l\u00e9ration du processus d\u2019adoption de ce projet de loi mettra fin \u00e0 la situation d\u2019attentisme des autres professionnels concern\u00e9s par ce texte, pris en otage par la confrontation entre opticiens et ophtalmologues. Il s\u2019agit notamment de m\u00e9tiers comme la kin\u00e9sith\u00e9rapie, la podologie, l\u2019orthophonie, l\u2019orthop\u00e9die\u2026 Le nouveau dispositif ambitionne d\u2019assurer la mise \u00e0 niveau de ces professions, notamment en renfor\u00e7ant le contr\u00f4le et les sanctions. Les personnes exer\u00e7ant l\u2019un de ces m\u00e9tiers de fa\u00e7on ill\u00e9gale, sans l\u2019obtention d\u2019une autorisation ou sans justifier d\u2019un dipl\u00f4me sp\u00e9cialis\u00e9, ou encore les professionnels du public exer\u00e7ant dans des \u00e9tablissements priv\u00e9s en violation des articles r\u00e9gissant ces cas, risquent une s\u00e9rie de sanctions. Celles-ci varient en fonction des situations. Elles peuvent aller d\u2019une amende jusqu\u2019\u00e0 l\u2019emprisonnement.<\/p>\n<p class=\"rtejustify\">\u00a0<\/p>\n<\/div>\n<p>Auteur: mbasraoui<br \/>\n<a href=\"https:\/\/www.leconomiste.com\/article\/1047865-professions-paramedicales-enfin-le-bout-du-tunnel\">Cliquez ici pour lire l&rsquo;article depuis sa source.<\/a><\/p>\n","protected":false},"excerpt":{"rendered":"<p>L\u2019adoption du projet de loi en 2e lecture en commission, avant d\u2019\u00eatre programm\u00e9 en pl\u00e9ni\u00e8re Le nouveau dispositif durcit les sanctions contre la pratique ill\u00e9gale de ces m\u00e9tiers \u00a0Le bras de fer entre les opticiens et les ophtalmologues, notamment apr\u00e8s l\u2019interdiction de la possibilit\u00e9 de mesure de l\u2019acuit\u00e9 visuelle, avait conduit au blocage du processus [&hellip;]<\/p>\n","protected":false},"author":1763,"featured_media":46736,"comment_status":"closed","ping_status":"closed","sticky":false,"template":"","format":"standard","meta":{"fifu_image_url":"","fifu_image_alt":"","footnotes":""},"categories":[78,54],"tags":[],"class_list":["post-46731","post","type-post","status-publish","format-standard","has-post-thumbnail","hentry","category-economie","category-maroc"],"_links":{"self":[{"href":"https:\/\/linitiative.ca\/International\/wp-json\/wp\/v2\/posts\/46731","targetHints":{"allow":["GET"]}}],"collection":[{"href":"https:\/\/linitiative.ca\/International\/wp-json\/wp\/v2\/posts"}],"about":[{"href":"https:\/\/linitiative.ca\/International\/wp-json\/wp\/v2\/types\/post"}],"author":[{"embeddable":true,"href":"https:\/\/linitiative.ca\/International\/wp-json\/wp\/v2\/users\/1763"}],"replies":[{"embeddable":true,"href":"https:\/\/linitiative.ca\/International\/wp-json\/wp\/v2\/comments?post=46731"}],"version-history":[{"count":0,"href":"https:\/\/linitiative.ca\/International\/wp-json\/wp\/v2\/posts\/46731\/revisions"}],"wp:featuredmedia":[{"embeddable":true,"href":"https:\/\/linitiative.ca\/International\/wp-json\/"}],"wp:attachment":[{"href":"https:\/\/linitiative.ca\/International\/wp-json\/wp\/v2\/media?parent=46731"}],"wp:term":[{"taxonomy":"category","embeddable":true,"href":"https:\/\/linitiative.ca\/International\/wp-json\/wp\/v2\/categories?post=46731"},{"taxonomy":"post_tag","embeddable":true,"href":"https:\/\/linitiative.ca\/International\/wp-json\/wp\/v2\/tags?post=46731"}],"curies":[{"name":"wp","href":"https:\/\/api.w.org\/{rel}","templated":true}]}}