{"id":46746,"date":"2019-07-17T07:15:43","date_gmt":"2019-07-17T11:15:43","guid":{"rendered":"https:\/\/linitiative.ca\/International\/le-fmi-analyse-le-maroc-et-son-economie\/"},"modified":"2019-07-17T07:15:43","modified_gmt":"2019-07-17T11:15:43","slug":"le-fmi-analyse-le-maroc-et-son-economie","status":"publish","type":"post","link":"https:\/\/linitiative.ca\/International\/le-fmi-analyse-le-maroc-et-son-economie\/","title":{"rendered":"Le FMI analyse le Maroc et son \u00e9conomie"},"content":{"rendered":"<p><strong>Un rapport du Fonds Mon\u00e9taire International, publi\u00e9 ce 16 juillet dernier, d\u00e9voile initialement dans son examen annuel de l\u2019\u00e9conomie que le Maroc devrait principalement s\u2019orienter vers \u00ab\u00a0un mod\u00e8le de croissance plus inclusive\u00a0\u00bb, tout en \u00ab\u00a0r\u00e9duisant les in\u00e9galit\u00e9s\u00a0\u00bb.<\/strong><\/p>\n<div class=\"c10\"\/>\n<p>Le rapport du <strong>FMI<\/strong> met en exergue le progr\u00e8s du Royaume qui a renforc\u00e9 son \u00e9conomie en diminuant le pourcentage de la pauvret\u00e9 et en am\u00e9liorant le climat des affaires et son \u00e9conomie se diversifie g\u00e9n\u00e9ralement. L\u2019organisme financier sugg\u00e8re qu\u2019une forte croissance sera bel et bien requise au cours de cette ann\u00e9e, car celle \u00e0 3% r\u00e9colt\u00e9e en 2018, n\u2019a pas \u00e9t\u00e9 suffisamment robuste et le <strong>ch\u00f4mage<\/strong> reste \u00e9lev\u00e9, en vue de cr\u00e9er davantage d\u2019emplois, particuli\u00e8rement pour les jeunes et les femmes et ce, malgr\u00e9 une gestion budg\u00e9taire am\u00e9lior\u00e9e et une diversification \u00e9conomique qui ont renforc\u00e9 la r\u00e9silience de l\u2019\u00e9conomie marocaine au cours des derni\u00e8res ann\u00e9es.<\/p>\n<p>Lire aussi : <a href=\"https:\/\/www.challenge.ma\/le-fmi-maintient-ses-previsions-de-croissance-du-maroc-a-32-en-2019-107499\/\" target=\"_blank\" rel=\"noopener noreferrer\">Le FMI maintient ses pr\u00e9visions de croissance du Maroc \u00e0 3,2% en 2019<\/a><\/p>\n<p>Le Fonds voudrait que le Maroc prenne en charge les principales priorit\u00e9s qui comprennent l\u2019am\u00e9lioration de la qualit\u00e9 du syst\u00e8me \u00e9ducatif, la participation des femmes au march\u00e9 du travail et le <strong>climat des affaires<\/strong>. Hormis le fait que les perspectives \u00e0 moyen terme du Maroc restent favorables, avec une croissance attendue de 4,5% \u00e0 l\u2019horizon 2024, celles-ci restent soumises \u00e0 des risques internes et externes importants, genre retard dans la mise en \u0153uvre des r\u00e9formes, une croissance plus faible dans les principaux pays partenaires (notamment zone euro), la hausse des prix du p\u00e9trole, les risques g\u00e9opolitiques et la volatilit\u00e9 des conditions financi\u00e8res, a indiqu\u00e9 le rapport.<\/p>\n<p>Rappelons que depuis 2012, le Fonds Mon\u00e9taire International collabore activement avec le Maroc dans le cadre de quatre accords de garantie de liquidit\u00e9 (PLL) d\u2019une dur\u00e9e de deux ans, dont le dernier a \u00e9t\u00e9 approuv\u00e9 en d\u00e9cembre 2018.<\/p>\n<div class=\"c17\">\n<fieldset class=\"c16\">\n<legend><strong><span class=\"c11\">Challenge<\/span><span class=\"c12\">news<\/span><\/strong><\/legend>\n<div class=\"c15\">Le meilleur de la r\u00e9daction s\u00e9lectionn\u00e9 par Challenge :<\/p>\n<\/div>\n<\/fieldset>\n<\/div>\n<p>Auteur: challenge<br \/>\n<a href=\"https:\/\/www.challenge.ma\/le-fmi-analyse-le-maroc-et-son-economie-113003\/\">Cliquez ici pour lire l&rsquo;article depuis sa source.<\/a><\/p>\n","protected":false},"excerpt":{"rendered":"<p>Un rapport du Fonds Mon\u00e9taire International, publi\u00e9 ce 16 juillet dernier, d\u00e9voile initialement dans son examen annuel de l\u2019\u00e9conomie que le Maroc devrait principalement s\u2019orienter vers \u00ab\u00a0un mod\u00e8le de croissance plus inclusive\u00a0\u00bb, tout en \u00ab\u00a0r\u00e9duisant les in\u00e9galit\u00e9s\u00a0\u00bb. Le rapport du FMI met en exergue le progr\u00e8s du Royaume qui a renforc\u00e9 son \u00e9conomie en diminuant [&hellip;]<\/p>\n","protected":false},"author":1787,"featured_media":0,"comment_status":"closed","ping_status":"closed","sticky":false,"template":"","format":"standard","meta":{"fifu_image_url":"","fifu_image_alt":"","footnotes":""},"categories":[78,54],"tags":[],"class_list":["post-46746","post","type-post","status-publish","format-standard","hentry","category-economie","category-maroc"],"_links":{"self":[{"href":"https:\/\/linitiative.ca\/International\/wp-json\/wp\/v2\/posts\/46746","targetHints":{"allow":["GET"]}}],"collection":[{"href":"https:\/\/linitiative.ca\/International\/wp-json\/wp\/v2\/posts"}],"about":[{"href":"https:\/\/linitiative.ca\/International\/wp-json\/wp\/v2\/types\/post"}],"author":[{"embeddable":true,"href":"https:\/\/linitiative.ca\/International\/wp-json\/wp\/v2\/users\/1787"}],"replies":[{"embeddable":true,"href":"https:\/\/linitiative.ca\/International\/wp-json\/wp\/v2\/comments?post=46746"}],"version-history":[{"count":0,"href":"https:\/\/linitiative.ca\/International\/wp-json\/wp\/v2\/posts\/46746\/revisions"}],"wp:attachment":[{"href":"https:\/\/linitiative.ca\/International\/wp-json\/wp\/v2\/media?parent=46746"}],"wp:term":[{"taxonomy":"category","embeddable":true,"href":"https:\/\/linitiative.ca\/International\/wp-json\/wp\/v2\/categories?post=46746"},{"taxonomy":"post_tag","embeddable":true,"href":"https:\/\/linitiative.ca\/International\/wp-json\/wp\/v2\/tags?post=46746"}],"curies":[{"name":"wp","href":"https:\/\/api.w.org\/{rel}","templated":true}]}}