{"id":46761,"date":"2019-07-17T07:40:33","date_gmt":"2019-07-17T11:40:33","guid":{"rendered":"https:\/\/linitiative.ca\/International\/pros-karim-ziani-fera-ses-premiers-pas-dentraineur-avec-orleans\/"},"modified":"2019-07-17T07:40:33","modified_gmt":"2019-07-17T11:40:33","slug":"pros-karim-ziani-fera-ses-premiers-pas-dentraineur-avec-orleans","status":"publish","type":"post","link":"https:\/\/linitiative.ca\/International\/pros-karim-ziani-fera-ses-premiers-pas-dentraineur-avec-orleans\/","title":{"rendered":"Pros : Karim Ziani fera ses premiers pas d&rsquo;entraineur avec Orl\u00e9ans"},"content":{"rendered":"<div readability=\"32\">\n<p>Auteur : <span class=\"time\">mercredi 17 juillet 2019 09:16<\/span><\/p>\n<\/div>\n<div id=\"post_core\" readability=\"40\">\n<p>L\u2019ancien international alg\u00e9rien, jeune retrait\u00e9 depuis la fin de saison derni\u00e8re, gardera quand m\u00eame le contact du terrain \u00e0 l\u2019US Orl\u00e9ans comme l&rsquo;indique maligue2.fr. S\u2019il ne foulera plus les pelouses de Ligue 2, Karim Ziani est promu entra\u00eeneur adjoint de la r\u00e9serve de l\u2019USO. Il a sign\u00e9 pour les cinq prochaines saisons. Sa premi\u00e8re exp\u00e9rience en tant qu\u2019adjoint se fera donc en National 3.<br \/>\u00a0<\/p>\n<p><strong>Publi\u00e9 dans :<\/strong> <span>Karim Ziani<\/span><\/p>\n<\/div>\n<p>Auteur:<br \/>\n<a href=\"http:\/\/www.lebuteur.com\/article\/detail?titre=karim-ziani-fera-ses-premiers-pas-dentraineur-avec-orleans&#038;id=90455&#038;utm_source=feedburner&#038;utm_medium=feed&#038;utm_campaign=Feed%3A+GalerieFArtciles+%28Les+derniers+articles++-+lebuteur.com%29\">Cliquez ici pour lire l&rsquo;article depuis sa source.<\/a><\/p>\n","protected":false},"excerpt":{"rendered":"<p>Auteur : mercredi 17 juillet 2019 09:16 L\u2019ancien international alg\u00e9rien, jeune retrait\u00e9 depuis la fin de saison derni\u00e8re, gardera quand m\u00eame le contact du terrain \u00e0 l\u2019US Orl\u00e9ans comme l&rsquo;indique maligue2.fr. S\u2019il ne foulera plus les pelouses de Ligue 2, Karim Ziani est promu entra\u00eeneur adjoint de la r\u00e9serve de l\u2019USO. Il a sign\u00e9 pour [&hellip;]<\/p>\n","protected":false},"author":1738,"featured_media":46764,"comment_status":"closed","ping_status":"closed","sticky":false,"template":"","format":"standard","meta":{"fifu_image_url":"","fifu_image_alt":"","footnotes":""},"categories":[53,75],"tags":[],"class_list":["post-46761","post","type-post","status-publish","format-standard","has-post-thumbnail","hentry","category-algerie","category-sport"],"_links":{"self":[{"href":"https:\/\/linitiative.ca\/International\/wp-json\/wp\/v2\/posts\/46761","targetHints":{"allow":["GET"]}}],"collection":[{"href":"https:\/\/linitiative.ca\/International\/wp-json\/wp\/v2\/posts"}],"about":[{"href":"https:\/\/linitiative.ca\/International\/wp-json\/wp\/v2\/types\/post"}],"author":[{"embeddable":true,"href":"https:\/\/linitiative.ca\/International\/wp-json\/wp\/v2\/users\/1738"}],"replies":[{"embeddable":true,"href":"https:\/\/linitiative.ca\/International\/wp-json\/wp\/v2\/comments?post=46761"}],"version-history":[{"count":0,"href":"https:\/\/linitiative.ca\/International\/wp-json\/wp\/v2\/posts\/46761\/revisions"}],"wp:featuredmedia":[{"embeddable":true,"href":"https:\/\/linitiative.ca\/International\/wp-json\/"}],"wp:attachment":[{"href":"https:\/\/linitiative.ca\/International\/wp-json\/wp\/v2\/media?parent=46761"}],"wp:term":[{"taxonomy":"category","embeddable":true,"href":"https:\/\/linitiative.ca\/International\/wp-json\/wp\/v2\/categories?post=46761"},{"taxonomy":"post_tag","embeddable":true,"href":"https:\/\/linitiative.ca\/International\/wp-json\/wp\/v2\/tags?post=46761"}],"curies":[{"name":"wp","href":"https:\/\/api.w.org\/{rel}","templated":true}]}}