{"id":46762,"date":"2019-07-17T06:00:00","date_gmt":"2019-07-17T10:00:00","guid":{"rendered":"https:\/\/linitiative.ca\/International\/quand-le-soleil-est-il-dangereux\/"},"modified":"2019-07-17T06:00:00","modified_gmt":"2019-07-17T10:00:00","slug":"quand-le-soleil-est-il-dangereux","status":"publish","type":"post","link":"https:\/\/linitiative.ca\/International\/quand-le-soleil-est-il-dangereux\/","title":{"rendered":"Quand le soleil est-il dangereux ?"},"content":{"rendered":"<p>La p\u00e9riode de la journ\u00e9e la plus dangereuse se situe dans les 4 \u00e0 6 heures autour du midi solaire, donc entre 12 et 16 heures l&rsquo;\u00e9t\u00e9. Mais m\u00eame aux autres moments de la journ\u00e9e, les enfants sont vuln\u00e9rables au soleil. Et quel que soit le temps ! Si le ciel est couvert, les UV ne chauffent pas et sont invisibles, mais on peut attraper un coup de soleil sans avoir la moindre sensation de chaleur. Le vent, les baignades, les nuages, qui produisent une impression de fra\u00eecheur, ne r\u00e9duisent pas les risques. En montagne, l&rsquo;intensit\u00e9 des UV augmente avec l&rsquo;altitude, alors que la temp\u00e9rature baisse. Enfin, l&rsquo;ombre donne aussi un sentiment trompeur de s\u00e9curit\u00e9, puisque les UV se diffusent dans l&rsquo;atmosph\u00e8re. Le sable, la surface de l&rsquo;eau peuvent aussi les r\u00e9fl\u00e9chir. M\u00eame sous un parasol, leur rayonnement nous atteint !<\/p>\n<p>Auteur:<br \/>\n<a href=\"https:\/\/www.lesoirdalgerie.com\/femme-magazine\/quand-le-soleil-est-il-dangereux-27152\">Cliquez ici pour lire l&rsquo;article depuis sa source.<\/a><\/p>\n","protected":false},"excerpt":{"rendered":"<p>La p\u00e9riode de la journ\u00e9e la plus dangereuse se situe dans les 4 \u00e0 6 heures autour du midi solaire, donc entre 12 et 16 heures l&rsquo;\u00e9t\u00e9. Mais m\u00eame aux autres moments de la journ\u00e9e, les enfants sont vuln\u00e9rables au soleil. Et quel que soit le temps ! Si le ciel est couvert, les UV [&hellip;]<\/p>\n","protected":false},"author":1741,"featured_media":0,"comment_status":"closed","ping_status":"closed","sticky":false,"template":"","format":"standard","meta":{"fifu_image_url":"","fifu_image_alt":"","footnotes":""},"categories":[73,53],"tags":[],"class_list":["post-46762","post","type-post","status-publish","format-standard","hentry","category-actualite","category-algerie"],"_links":{"self":[{"href":"https:\/\/linitiative.ca\/International\/wp-json\/wp\/v2\/posts\/46762","targetHints":{"allow":["GET"]}}],"collection":[{"href":"https:\/\/linitiative.ca\/International\/wp-json\/wp\/v2\/posts"}],"about":[{"href":"https:\/\/linitiative.ca\/International\/wp-json\/wp\/v2\/types\/post"}],"author":[{"embeddable":true,"href":"https:\/\/linitiative.ca\/International\/wp-json\/wp\/v2\/users\/1741"}],"replies":[{"embeddable":true,"href":"https:\/\/linitiative.ca\/International\/wp-json\/wp\/v2\/comments?post=46762"}],"version-history":[{"count":0,"href":"https:\/\/linitiative.ca\/International\/wp-json\/wp\/v2\/posts\/46762\/revisions"}],"wp:attachment":[{"href":"https:\/\/linitiative.ca\/International\/wp-json\/wp\/v2\/media?parent=46762"}],"wp:term":[{"taxonomy":"category","embeddable":true,"href":"https:\/\/linitiative.ca\/International\/wp-json\/wp\/v2\/categories?post=46762"},{"taxonomy":"post_tag","embeddable":true,"href":"https:\/\/linitiative.ca\/International\/wp-json\/wp\/v2\/tags?post=46762"}],"curies":[{"name":"wp","href":"https:\/\/api.w.org\/{rel}","templated":true}]}}