{"id":46767,"date":"2019-07-17T06:00:00","date_gmt":"2019-07-17T10:00:00","guid":{"rendered":"https:\/\/linitiative.ca\/International\/la-cnec-reclame-le-limogeage-du-chef-de-la-daira-de-tizi-ouzou\/"},"modified":"2019-07-17T06:00:00","modified_gmt":"2019-07-17T10:00:00","slug":"la-cnec-reclame-le-limogeage-du-chef-de-la-daira-de-tizi-ouzou","status":"publish","type":"post","link":"https:\/\/linitiative.ca\/International\/la-cnec-reclame-le-limogeage-du-chef-de-la-daira-de-tizi-ouzou\/","title":{"rendered":"La Cnec r\u00e9clame le limogeage du chef de la da\u00efra de Tizi Ouzou"},"content":{"rendered":"<div id=\"originalText\" readability=\"44\">\n<p class=\"c10\">N\u2019ayant pas donn\u00e9 suite \u00e0 sa demande d\u2019audience, le bureau de Tizi Ouzou de la Coordination nationale des enfants de chouhada (Cnec) r\u00e9clame le limogeage du chef de la da\u00efra de Tizi Ouzou.\u00a0Dans une d\u00e9claration diffus\u00e9e, hier, les enfants de chouhda expliquent que \u201cplusieurs demandes d\u2019audience ont \u00e9t\u00e9 adress\u00e9es au chef de la da\u00efra de Tizi Ouzou qui n\u2019a jamais daign\u00e9 r\u00e9pondre, ni signifier son accord ni indiquer son indisponibilit\u00e9\u201d, explique la Cnec qui estime, ainsi, que \u201cce commis de l\u2019Etat n\u2019est aucunement la personne qu\u2019il faut pour diriger les affaires des citoyens de la circonscription administrative de la da\u00efra de Tizi Ouzou\u201d. \u201cLa Cnec demande \u00e0 sa tutelle de le muter vers une autre r\u00e9gion, voire son exclusion de la fonction publique\u201d, ajoutent les responsables locaux de la Cnec dans leur d\u00e9claration.<\/p>\n<\/div>\n<div id=\"text_core\" readability=\"44\">\n<p class=\"c10\">N\u2019ayant pas donn\u00e9 suite \u00e0 sa demande d\u2019audience, le bureau de Tizi Ouzou de la Coordination nationale des enfants de chouhada (Cnec) r\u00e9clame le limogeage du chef de la da\u00efra de Tizi Ouzou.\u00a0Dans une d\u00e9claration diffus\u00e9e, hier, les enfants de chouhda expliquent que \u201cplusieurs demandes d\u2019audience ont \u00e9t\u00e9 adress\u00e9es au chef de la da\u00efra de Tizi Ouzou qui n\u2019a jamais daign\u00e9 r\u00e9pondre, ni signifier son accord ni indiquer son indisponibilit\u00e9\u201d, explique la Cnec qui estime, ainsi, que \u201cce commis de l\u2019Etat n\u2019est aucunement la personne qu\u2019il faut pour diriger les affaires des citoyens de la circonscription administrative de la da\u00efra de Tizi Ouzou\u201d. \u201cLa Cnec demande \u00e0 sa tutelle de le muter vers une autre r\u00e9gion, voire son exclusion de la fonction publique\u201d, ajoutent les responsables locaux de la Cnec dans leur d\u00e9claration.<\/p>\n<\/div>\n<p>Auteur:<br \/>\n<a href=\"https:\/\/www.liberte-algerie.com\/radar\/la-cnec-reclame-le-limogeage-du-chef-de-la-daira-de-tizi-ouzou-320102\">Cliquez ici pour lire l&rsquo;article depuis sa source.<\/a><\/p>\n","protected":false},"excerpt":{"rendered":"<p>N\u2019ayant pas donn\u00e9 suite \u00e0 sa demande d\u2019audience, le bureau de Tizi Ouzou de la Coordination nationale des enfants de chouhada (Cnec) r\u00e9clame le limogeage du chef de la da\u00efra de Tizi Ouzou.\u00a0Dans une d\u00e9claration diffus\u00e9e, hier, les enfants de chouhda expliquent que \u201cplusieurs demandes d\u2019audience ont \u00e9t\u00e9 adress\u00e9es au chef de la da\u00efra de [&hellip;]<\/p>\n","protected":false},"author":1742,"featured_media":0,"comment_status":"closed","ping_status":"closed","sticky":false,"template":"","format":"standard","meta":{"fifu_image_url":"","fifu_image_alt":"","footnotes":""},"categories":[73,53],"tags":[],"class_list":["post-46767","post","type-post","status-publish","format-standard","hentry","category-actualite","category-algerie"],"_links":{"self":[{"href":"https:\/\/linitiative.ca\/International\/wp-json\/wp\/v2\/posts\/46767","targetHints":{"allow":["GET"]}}],"collection":[{"href":"https:\/\/linitiative.ca\/International\/wp-json\/wp\/v2\/posts"}],"about":[{"href":"https:\/\/linitiative.ca\/International\/wp-json\/wp\/v2\/types\/post"}],"author":[{"embeddable":true,"href":"https:\/\/linitiative.ca\/International\/wp-json\/wp\/v2\/users\/1742"}],"replies":[{"embeddable":true,"href":"https:\/\/linitiative.ca\/International\/wp-json\/wp\/v2\/comments?post=46767"}],"version-history":[{"count":0,"href":"https:\/\/linitiative.ca\/International\/wp-json\/wp\/v2\/posts\/46767\/revisions"}],"wp:attachment":[{"href":"https:\/\/linitiative.ca\/International\/wp-json\/wp\/v2\/media?parent=46767"}],"wp:term":[{"taxonomy":"category","embeddable":true,"href":"https:\/\/linitiative.ca\/International\/wp-json\/wp\/v2\/categories?post=46767"},{"taxonomy":"post_tag","embeddable":true,"href":"https:\/\/linitiative.ca\/International\/wp-json\/wp\/v2\/tags?post=46767"}],"curies":[{"name":"wp","href":"https:\/\/api.w.org\/{rel}","templated":true}]}}