{"id":46775,"date":"2019-07-17T06:00:00","date_gmt":"2019-07-17T10:00:00","guid":{"rendered":"https:\/\/linitiative.ca\/International\/instructions-sur-les-bagages-et-leau-zemzem\/"},"modified":"2019-07-17T06:00:00","modified_gmt":"2019-07-17T10:00:00","slug":"instructions-sur-les-bagages-et-leau-zemzem","status":"publish","type":"post","link":"https:\/\/linitiative.ca\/International\/instructions-sur-les-bagages-et-leau-zemzem\/","title":{"rendered":"Instructions sur les bagages et l\u2019eau Zemzem"},"content":{"rendered":"<div id=\"originalText\" readability=\"49\">\n<p>Le minist\u00e8re des Affaires \u00e9trang\u00e8res saoudien a envoy\u00e9 une note \u00e0 toutes les repr\u00e9sentations diplomatiques des pays concern\u00e9s par le hadj dans laquelle il rappelle les instructions techniques pour la s\u00e9curit\u00e9 du transport a\u00e9rien. Il s\u2019agit essentiellement des bagages des voyageurs qui doivent \u00eatre conformes aux standards internationaux appliqu\u00e9s par les a\u00e9roports de par le monde en termes de poids, de gabarit tels que fix\u00e9s par l\u2019OACI (Organisation de l\u2019aviation civile internationale).<\/p>\n<p>Ainsi, tout bagage volumineux ne r\u00e9pondant pas \u00e0 toutes ces conditions ne sera pas admis, souligne le minist\u00e8re saoudien dans sa note. Et il ne sera tol\u00e9r\u00e9, ajoute la note, en ce qui concerne le transport de l\u2019eau Zemzem, que les paquets contenant une bouteille en plastique de 5 l, fabriqu\u00e9s en Arabie saoudite. Cette eau doit \u00eatre \u00e9galement transport\u00e9e par les avions (vides) \u00e0 leur retour, c\u2019est-\u00e0-dire une fois les p\u00e8lerins arriv\u00e9s aux Lieux saints. Le hadji r\u00e9cup\u00e9rera son colis au retour, \u00e0 l\u2019arriv\u00e9e \u00e0 l\u2019a\u00e9roport.<\/p>\n<\/div>\n<div id=\"text_core\" readability=\"49\">\n<p>Le minist\u00e8re des Affaires \u00e9trang\u00e8res saoudien a envoy\u00e9 une note \u00e0 toutes les repr\u00e9sentations diplomatiques des pays concern\u00e9s par le hadj dans laquelle il rappelle les instructions techniques pour la s\u00e9curit\u00e9 du transport a\u00e9rien. Il s\u2019agit essentiellement des bagages des voyageurs qui doivent \u00eatre conformes aux standards internationaux appliqu\u00e9s par les a\u00e9roports de par le monde en termes de poids, de gabarit tels que fix\u00e9s par l\u2019OACI (Organisation de l\u2019aviation civile internationale).<\/p>\n<p>Ainsi, tout bagage volumineux ne r\u00e9pondant pas \u00e0 toutes ces conditions ne sera pas admis, souligne le minist\u00e8re saoudien dans sa note. Et il ne sera tol\u00e9r\u00e9, ajoute la note, en ce qui concerne le transport de l\u2019eau Zemzem, que les paquets contenant une bouteille en plastique de 5 l, fabriqu\u00e9s en Arabie saoudite. Cette eau doit \u00eatre \u00e9galement transport\u00e9e par les avions (vides) \u00e0 leur retour, c\u2019est-\u00e0-dire une fois les p\u00e8lerins arriv\u00e9s aux Lieux saints. Le hadji r\u00e9cup\u00e9rera son colis au retour, \u00e0 l\u2019arriv\u00e9e \u00e0 l\u2019a\u00e9roport.<\/p>\n<\/div>\n<p>Auteur:<br \/>\n<a href=\"https:\/\/www.liberte-algerie.com\/radar\/instructions-sur-les-bagages-et-leau-zemzem-320100\">Cliquez ici pour lire l&rsquo;article depuis sa source.<\/a><\/p>\n","protected":false},"excerpt":{"rendered":"<p>Le minist\u00e8re des Affaires \u00e9trang\u00e8res saoudien a envoy\u00e9 une note \u00e0 toutes les repr\u00e9sentations diplomatiques des pays concern\u00e9s par le hadj dans laquelle il rappelle les instructions techniques pour la s\u00e9curit\u00e9 du transport a\u00e9rien. Il s\u2019agit essentiellement des bagages des voyageurs qui doivent \u00eatre conformes aux standards internationaux appliqu\u00e9s par les a\u00e9roports de par le [&hellip;]<\/p>\n","protected":false},"author":1742,"featured_media":0,"comment_status":"closed","ping_status":"closed","sticky":false,"template":"","format":"standard","meta":{"fifu_image_url":"","fifu_image_alt":"","footnotes":""},"categories":[73,53],"tags":[],"class_list":["post-46775","post","type-post","status-publish","format-standard","hentry","category-actualite","category-algerie"],"_links":{"self":[{"href":"https:\/\/linitiative.ca\/International\/wp-json\/wp\/v2\/posts\/46775","targetHints":{"allow":["GET"]}}],"collection":[{"href":"https:\/\/linitiative.ca\/International\/wp-json\/wp\/v2\/posts"}],"about":[{"href":"https:\/\/linitiative.ca\/International\/wp-json\/wp\/v2\/types\/post"}],"author":[{"embeddable":true,"href":"https:\/\/linitiative.ca\/International\/wp-json\/wp\/v2\/users\/1742"}],"replies":[{"embeddable":true,"href":"https:\/\/linitiative.ca\/International\/wp-json\/wp\/v2\/comments?post=46775"}],"version-history":[{"count":0,"href":"https:\/\/linitiative.ca\/International\/wp-json\/wp\/v2\/posts\/46775\/revisions"}],"wp:attachment":[{"href":"https:\/\/linitiative.ca\/International\/wp-json\/wp\/v2\/media?parent=46775"}],"wp:term":[{"taxonomy":"category","embeddable":true,"href":"https:\/\/linitiative.ca\/International\/wp-json\/wp\/v2\/categories?post=46775"},{"taxonomy":"post_tag","embeddable":true,"href":"https:\/\/linitiative.ca\/International\/wp-json\/wp\/v2\/tags?post=46775"}],"curies":[{"name":"wp","href":"https:\/\/api.w.org\/{rel}","templated":true}]}}