{"id":46778,"date":"2019-07-17T06:00:00","date_gmt":"2019-07-17T10:00:00","guid":{"rendered":"https:\/\/linitiative.ca\/International\/plus-de-8-000-visiteurs-a-lexpo-photographier-lalgerie\/"},"modified":"2019-07-17T06:00:00","modified_gmt":"2019-07-17T10:00:00","slug":"plus-de-8-000-visiteurs-a-lexpo-photographier-lalgerie","status":"publish","type":"post","link":"https:\/\/linitiative.ca\/International\/plus-de-8-000-visiteurs-a-lexpo-photographier-lalgerie\/","title":{"rendered":"Plus de 8 000 visiteurs  \u00e0 l\u2019expo \u201cPhotographier l\u2019Alg\u00e9rie\u201d"},"content":{"rendered":"<div id=\"originalText\" readability=\"40\">\n<p class=\"c10\">L\u2019exposition \u201cPhotographier l\u2019Alg\u00e9rie\u201d, dont la cl\u00f4ture a eu lieu samedi dernier \u00e0 l\u2019Institut du monde arabe (IMA) \u00e0 Paris, a enregistr\u00e9 un record de plus de 8 000 visiteurs. Inaugur\u00e9e le 28 f\u00e9vrier dernier, cette exposition se voulait un voyage dans l\u2019histoire de l\u2019Alg\u00e9rie contemporaine, souvent marqu\u00e9e par des \u00e9pisodes douloureux, racont\u00e9e par les images des photographes alg\u00e9riens et fran\u00e7ais tout au long du XXe si\u00e8cle. Ces photographes ont sillonn\u00e9 toute l\u2019Alg\u00e9rie pour faire d\u00e9couvrir au grand public les facettes d\u2019un pays qui s\u2019est lib\u00e9r\u00e9 apr\u00e8s plus de 130 ans de colonialisme.<\/p>\n<\/div>\n<div id=\"text_core\" readability=\"40\">\n<p class=\"c10\">L\u2019exposition \u201cPhotographier l\u2019Alg\u00e9rie\u201d, dont la cl\u00f4ture a eu lieu samedi dernier \u00e0 l\u2019Institut du monde arabe (IMA) \u00e0 Paris, a enregistr\u00e9 un record de plus de 8 000 visiteurs. Inaugur\u00e9e le 28 f\u00e9vrier dernier, cette exposition se voulait un voyage dans l\u2019histoire de l\u2019Alg\u00e9rie contemporaine, souvent marqu\u00e9e par des \u00e9pisodes douloureux, racont\u00e9e par les images des photographes alg\u00e9riens et fran\u00e7ais tout au long du XXe si\u00e8cle. Ces photographes ont sillonn\u00e9 toute l\u2019Alg\u00e9rie pour faire d\u00e9couvrir au grand public les facettes d\u2019un pays qui s\u2019est lib\u00e9r\u00e9 apr\u00e8s plus de 130 ans de colonialisme.<\/p>\n<\/div>\n<p>Auteur:<br \/>\n<a href=\"https:\/\/www.liberte-algerie.com\/radar\/plus-de-8-000-visiteurs-a-lexpo-photographier-lalgerie-320099\">Cliquez ici pour lire l&rsquo;article depuis sa source.<\/a><\/p>\n","protected":false},"excerpt":{"rendered":"<p>L\u2019exposition \u201cPhotographier l\u2019Alg\u00e9rie\u201d, dont la cl\u00f4ture a eu lieu samedi dernier \u00e0 l\u2019Institut du monde arabe (IMA) \u00e0 Paris, a enregistr\u00e9 un record de plus de 8 000 visiteurs. Inaugur\u00e9e le 28 f\u00e9vrier dernier, cette exposition se voulait un voyage dans l\u2019histoire de l\u2019Alg\u00e9rie contemporaine, souvent marqu\u00e9e par des \u00e9pisodes douloureux, racont\u00e9e par les images [&hellip;]<\/p>\n","protected":false},"author":1742,"featured_media":0,"comment_status":"closed","ping_status":"closed","sticky":false,"template":"","format":"standard","meta":{"fifu_image_url":"","fifu_image_alt":"","footnotes":""},"categories":[73,53],"tags":[],"class_list":["post-46778","post","type-post","status-publish","format-standard","hentry","category-actualite","category-algerie"],"_links":{"self":[{"href":"https:\/\/linitiative.ca\/International\/wp-json\/wp\/v2\/posts\/46778","targetHints":{"allow":["GET"]}}],"collection":[{"href":"https:\/\/linitiative.ca\/International\/wp-json\/wp\/v2\/posts"}],"about":[{"href":"https:\/\/linitiative.ca\/International\/wp-json\/wp\/v2\/types\/post"}],"author":[{"embeddable":true,"href":"https:\/\/linitiative.ca\/International\/wp-json\/wp\/v2\/users\/1742"}],"replies":[{"embeddable":true,"href":"https:\/\/linitiative.ca\/International\/wp-json\/wp\/v2\/comments?post=46778"}],"version-history":[{"count":0,"href":"https:\/\/linitiative.ca\/International\/wp-json\/wp\/v2\/posts\/46778\/revisions"}],"wp:attachment":[{"href":"https:\/\/linitiative.ca\/International\/wp-json\/wp\/v2\/media?parent=46778"}],"wp:term":[{"taxonomy":"category","embeddable":true,"href":"https:\/\/linitiative.ca\/International\/wp-json\/wp\/v2\/categories?post=46778"},{"taxonomy":"post_tag","embeddable":true,"href":"https:\/\/linitiative.ca\/International\/wp-json\/wp\/v2\/tags?post=46778"}],"curies":[{"name":"wp","href":"https:\/\/api.w.org\/{rel}","templated":true}]}}