{"id":46781,"date":"2019-07-17T06:00:00","date_gmt":"2019-07-17T10:00:00","guid":{"rendered":"https:\/\/linitiative.ca\/International\/la-plage-daokas-centre-sans-surveillance\/"},"modified":"2019-07-17T06:00:00","modified_gmt":"2019-07-17T10:00:00","slug":"la-plage-daokas-centre-sans-surveillance","status":"publish","type":"post","link":"https:\/\/linitiative.ca\/International\/la-plage-daokas-centre-sans-surveillance\/","title":{"rendered":"La plage d\u2019Aokas-centre sans surveillance"},"content":{"rendered":"<div id=\"originalText\" readability=\"51\">\n<p>La plage Aokas-centre, l\u2019une des plus pris\u00e9es du littoral est de B\u00e9ja\u00efa, est ouverte \u00e0 la baignade sans la surveillance de la Protection civile, et ce, depuis l\u2019ouverture de la saison estivale le 1er juin dernier. Et pour cause, apprend-on de source inform\u00e9e, les services de l\u2019APC auxquels incombe cette t\u00e2che, tardent encore \u00e0 remettre en place le poste devant accueillir l\u2019unit\u00e9 de la Protection civile. Le poste a \u00e9t\u00e9 emport\u00e9 par les eaux, l\u2019hiver dernier. Selon notre source, l\u2019APC d\u2019Aokas aurait justifi\u00e9 sa d\u00e9faillance par \u201cle manque de moyens\u201d.\u00a0<\/p>\n<p>Par cons\u00e9quent, les estivants ayant opt\u00e9 pour cette plage o\u00f9 sont ouverts pas moins de 6 camps familiaux, doivent se d\u00e9brouiller par eux-m\u00eames en cas de noyade et\/ou d&rsquo;accident. 15 ma\u00eetres-nageurs initialement recrut\u00e9s par les services de la Protection civile pour surveiller cette plage sont contraints au ch\u00f4mage.<\/p>\n<\/div>\n<div id=\"text_core\" readability=\"51\">\n<p>La plage Aokas-centre, l\u2019une des plus pris\u00e9es du littoral est de B\u00e9ja\u00efa, est ouverte \u00e0 la baignade sans la surveillance de la Protection civile, et ce, depuis l\u2019ouverture de la saison estivale le 1er juin dernier. Et pour cause, apprend-on de source inform\u00e9e, les services de l\u2019APC auxquels incombe cette t\u00e2che, tardent encore \u00e0 remettre en place le poste devant accueillir l\u2019unit\u00e9 de la Protection civile. Le poste a \u00e9t\u00e9 emport\u00e9 par les eaux, l\u2019hiver dernier. Selon notre source, l\u2019APC d\u2019Aokas aurait justifi\u00e9 sa d\u00e9faillance par \u201cle manque de moyens\u201d.\u00a0<\/p>\n<p>Par cons\u00e9quent, les estivants ayant opt\u00e9 pour cette plage o\u00f9 sont ouverts pas moins de 6 camps familiaux, doivent se d\u00e9brouiller par eux-m\u00eames en cas de noyade et\/ou d&rsquo;accident. 15 ma\u00eetres-nageurs initialement recrut\u00e9s par les services de la Protection civile pour surveiller cette plage sont contraints au ch\u00f4mage.<\/p>\n<\/div>\n<p>Auteur:<br \/>\n<a href=\"https:\/\/www.liberte-algerie.com\/radar\/la-plage-daokas-centre-sans-surveillance-320098\">Cliquez ici pour lire l&rsquo;article depuis sa source.<\/a><\/p>\n","protected":false},"excerpt":{"rendered":"<p>La plage Aokas-centre, l\u2019une des plus pris\u00e9es du littoral est de B\u00e9ja\u00efa, est ouverte \u00e0 la baignade sans la surveillance de la Protection civile, et ce, depuis l\u2019ouverture de la saison estivale le 1er juin dernier. Et pour cause, apprend-on de source inform\u00e9e, les services de l\u2019APC auxquels incombe cette t\u00e2che, tardent encore \u00e0 remettre [&hellip;]<\/p>\n","protected":false},"author":1742,"featured_media":0,"comment_status":"closed","ping_status":"closed","sticky":false,"template":"","format":"standard","meta":{"fifu_image_url":"","fifu_image_alt":"","footnotes":""},"categories":[73,53],"tags":[],"class_list":["post-46781","post","type-post","status-publish","format-standard","hentry","category-actualite","category-algerie"],"_links":{"self":[{"href":"https:\/\/linitiative.ca\/International\/wp-json\/wp\/v2\/posts\/46781","targetHints":{"allow":["GET"]}}],"collection":[{"href":"https:\/\/linitiative.ca\/International\/wp-json\/wp\/v2\/posts"}],"about":[{"href":"https:\/\/linitiative.ca\/International\/wp-json\/wp\/v2\/types\/post"}],"author":[{"embeddable":true,"href":"https:\/\/linitiative.ca\/International\/wp-json\/wp\/v2\/users\/1742"}],"replies":[{"embeddable":true,"href":"https:\/\/linitiative.ca\/International\/wp-json\/wp\/v2\/comments?post=46781"}],"version-history":[{"count":0,"href":"https:\/\/linitiative.ca\/International\/wp-json\/wp\/v2\/posts\/46781\/revisions"}],"wp:attachment":[{"href":"https:\/\/linitiative.ca\/International\/wp-json\/wp\/v2\/media?parent=46781"}],"wp:term":[{"taxonomy":"category","embeddable":true,"href":"https:\/\/linitiative.ca\/International\/wp-json\/wp\/v2\/categories?post=46781"},{"taxonomy":"post_tag","embeddable":true,"href":"https:\/\/linitiative.ca\/International\/wp-json\/wp\/v2\/tags?post=46781"}],"curies":[{"name":"wp","href":"https:\/\/api.w.org\/{rel}","templated":true}]}}