{"id":46789,"date":"2019-07-17T06:37:00","date_gmt":"2019-07-17T10:37:00","guid":{"rendered":"https:\/\/linitiative.ca\/International\/rassemblement-en-cours-devant-la-cour-dalger\/"},"modified":"2019-07-17T06:37:00","modified_gmt":"2019-07-17T10:37:00","slug":"rassemblement-en-cours-devant-la-cour-dalger","status":"publish","type":"post","link":"https:\/\/linitiative.ca\/International\/rassemblement-en-cours-devant-la-cour-dalger\/","title":{"rendered":"Rassemblement en cours devant la Cour d\u2019Alger"},"content":{"rendered":"<div id=\"originalText\" readability=\"63\">\n<p>Des citoyens, des militants politiques et des droits de l\u2019homme, ainsi que des avocats observent, ce mercredi, un rassemblement \u00e0 proximit\u00e9 de la cour d\u2019Alger, \u00e0 Ruisseau, en guise de solidarit\u00e9 avec\u00a0 les 17 d\u00e9tenus d\u2019opinion, qui passent, cet apr\u00e8s-midi, devant la chambre d\u2019accusation.<\/p>\n<p><iframe loading=\"lazy\" allowfullscreen=\"true\" allowtransparency=\"true\" frameborder=\"0\" height=\"315\" scrolling=\"no\" src=\"https:\/\/www.facebook.com\/plugins\/video.php?href=https%3A%2F%2Fwww.facebook.com%2FJournaLiberteOfficiel%2Fvideos%2F466524243905661%2F&#038;show_text=0&#038;width=560\" class=\"c10\" width=\"560\">[embedded content]<\/iframe><\/p>\n<p>Les mis en cause ont, en effet, et pour la plus part d\u2019entre eux, \u00e9t\u00e9 plac\u00e9s sous mandat de d\u00e9p\u00f4t, pour port de l\u2019embl\u00e8me amazigh ou d\u2019une pancarte sur laquelle \u00e9tait inscrit \u00abEtat civil et non militaire\u00bb. Selon Me Fetta Sadat, pr\u00e9sente sur les lieux, \u00abcertains d\u00e9tenus ont m\u00eame \u00e9t\u00e9 arr\u00eat\u00e9s pour port de pin\u2019s berb\u00e8res\u00bb.<\/p>\n<p><iframe loading=\"lazy\" allow=\"accelerometer; autoplay; encrypted-media; gyroscope; picture-in-picture\" allowfullscreen=\"\" frameborder=\"0\" height=\"315\" src=\"https:\/\/www.youtube.com\/embed\/CFetweZHnDg\" width=\"560\">[embedded content]<\/iframe><\/p>\n<p>Le collectif d\u2019avocats a d\u00e9cid\u00e9, selon Me Benyoub, de boycotter, tout comme mercredi dernier, la s\u00e9ance de plaidoirie devant la chambre d\u2019accusation qui devrait confirmer ou infirmer \u00a0la mise sous mandat de d\u00e9p\u00f4t des 17 d\u00e9tenus d\u2019opinion.<\/p>\n<p><iframe loading=\"lazy\" allowfullscreen=\"true\" allowtransparency=\"true\" frameborder=\"0\" height=\"315\" scrolling=\"no\" src=\"https:\/\/www.facebook.com\/plugins\/video.php?href=https%3A%2F%2Fwww.facebook.com%2FJournaLiberteOfficiel%2Fvideos%2F2406724066241301%2F&#038;show_text=0&#038;width=560\" class=\"c10\" width=\"560\">[embedded content]<\/iframe><\/p>\n<p><iframe loading=\"lazy\" allow=\"accelerometer; autoplay; encrypted-media; gyroscope; picture-in-picture\" allowfullscreen=\"\" frameborder=\"0\" height=\"315\" src=\"https:\/\/www.youtube.com\/embed\/bgVEtRSNr0o\" width=\"560\">[embedded content]<\/iframe><\/p>\n<p class=\"c11\"><strong>R\u00e9daction Web<\/strong><\/p>\n<\/div>\n<div id=\"text_core\" readability=\"63\">\n<p>Des citoyens, des militants politiques et des droits de l\u2019homme, ainsi que des avocats observent, ce mercredi, un rassemblement \u00e0 proximit\u00e9 de la cour d\u2019Alger, \u00e0 Ruisseau, en guise de solidarit\u00e9 avec\u00a0 les 17 d\u00e9tenus d\u2019opinion, qui passent, cet apr\u00e8s-midi, devant la chambre d\u2019accusation.<\/p>\n<p><iframe loading=\"lazy\" allowfullscreen=\"true\" allowtransparency=\"true\" frameborder=\"0\" height=\"315\" scrolling=\"no\" src=\"https:\/\/www.facebook.com\/plugins\/video.php?href=https%3A%2F%2Fwww.facebook.com%2FJournaLiberteOfficiel%2Fvideos%2F466524243905661%2F&#038;show_text=0&#038;width=560\" class=\"c10\" width=\"560\">[embedded content]<\/iframe><\/p>\n<p>Les mis en cause ont, en effet, et pour la plus part d\u2019entre eux, \u00e9t\u00e9 plac\u00e9s sous mandat de d\u00e9p\u00f4t, pour port de l\u2019embl\u00e8me amazigh ou d\u2019une pancarte sur laquelle \u00e9tait inscrit \u00abEtat civil et non militaire\u00bb. Selon Me Fetta Sadat, pr\u00e9sente sur les lieux, \u00abcertains d\u00e9tenus ont m\u00eame \u00e9t\u00e9 arr\u00eat\u00e9s pour port de pin\u2019s berb\u00e8res\u00bb.<\/p>\n<p><iframe loading=\"lazy\" allow=\"accelerometer; autoplay; encrypted-media; gyroscope; picture-in-picture\" allowfullscreen=\"\" frameborder=\"0\" height=\"315\" src=\"https:\/\/www.youtube.com\/embed\/CFetweZHnDg\" width=\"560\">[embedded content]<\/iframe><\/p>\n<p>Le collectif d\u2019avocats a d\u00e9cid\u00e9, selon Me Benyoub, de boycotter, tout comme mercredi dernier, la s\u00e9ance de plaidoirie devant la chambre d\u2019accusation qui devrait confirmer ou infirmer \u00a0la mise sous mandat de d\u00e9p\u00f4t des 17 d\u00e9tenus d\u2019opinion.<\/p>\n<p><iframe loading=\"lazy\" allowfullscreen=\"true\" allowtransparency=\"true\" frameborder=\"0\" height=\"315\" scrolling=\"no\" src=\"https:\/\/www.facebook.com\/plugins\/video.php?href=https%3A%2F%2Fwww.facebook.com%2FJournaLiberteOfficiel%2Fvideos%2F2406724066241301%2F&#038;show_text=0&#038;width=560\" class=\"c10\" width=\"560\">[embedded content]<\/iframe><\/p>\n<p><iframe loading=\"lazy\" allow=\"accelerometer; autoplay; encrypted-media; gyroscope; picture-in-picture\" allowfullscreen=\"\" frameborder=\"0\" height=\"315\" src=\"https:\/\/www.youtube.com\/embed\/bgVEtRSNr0o\" width=\"560\">[embedded content]<\/iframe><\/p>\n<p class=\"c11\"><strong>R\u00e9daction Web<\/strong><\/p>\n<\/div>\n<p>Auteur:<br \/>\n<a href=\"https:\/\/www.liberte-algerie.com\/actualite\/rassemblement-en-cours-devant-la-cour-dalger-320168\">Cliquez ici pour lire l&rsquo;article depuis sa source.<\/a><\/p>\n","protected":false},"excerpt":{"rendered":"<p>Des citoyens, des militants politiques et des droits de l\u2019homme, ainsi que des avocats observent, ce mercredi, un rassemblement \u00e0 proximit\u00e9 de la cour d\u2019Alger, \u00e0 Ruisseau, en guise de solidarit\u00e9 avec\u00a0 les 17 d\u00e9tenus d\u2019opinion, qui passent, cet apr\u00e8s-midi, devant la chambre d\u2019accusation. [embedded content] Les mis en cause ont, en effet, et pour [&hellip;]<\/p>\n","protected":false},"author":1742,"featured_media":0,"comment_status":"closed","ping_status":"closed","sticky":false,"template":"","format":"standard","meta":{"fifu_image_url":"","fifu_image_alt":"","footnotes":""},"categories":[73,53],"tags":[],"class_list":["post-46789","post","type-post","status-publish","format-standard","hentry","category-actualite","category-algerie"],"_links":{"self":[{"href":"https:\/\/linitiative.ca\/International\/wp-json\/wp\/v2\/posts\/46789","targetHints":{"allow":["GET"]}}],"collection":[{"href":"https:\/\/linitiative.ca\/International\/wp-json\/wp\/v2\/posts"}],"about":[{"href":"https:\/\/linitiative.ca\/International\/wp-json\/wp\/v2\/types\/post"}],"author":[{"embeddable":true,"href":"https:\/\/linitiative.ca\/International\/wp-json\/wp\/v2\/users\/1742"}],"replies":[{"embeddable":true,"href":"https:\/\/linitiative.ca\/International\/wp-json\/wp\/v2\/comments?post=46789"}],"version-history":[{"count":0,"href":"https:\/\/linitiative.ca\/International\/wp-json\/wp\/v2\/posts\/46789\/revisions"}],"wp:attachment":[{"href":"https:\/\/linitiative.ca\/International\/wp-json\/wp\/v2\/media?parent=46789"}],"wp:term":[{"taxonomy":"category","embeddable":true,"href":"https:\/\/linitiative.ca\/International\/wp-json\/wp\/v2\/categories?post=46789"},{"taxonomy":"post_tag","embeddable":true,"href":"https:\/\/linitiative.ca\/International\/wp-json\/wp\/v2\/tags?post=46789"}],"curies":[{"name":"wp","href":"https:\/\/api.w.org\/{rel}","templated":true}]}}