{"id":46791,"date":"2019-07-17T06:35:11","date_gmt":"2019-07-17T10:35:11","guid":{"rendered":"https:\/\/linitiative.ca\/International\/tunisie-report-par-larp-de-lexamen-du-projet-de-loi-de-promotion-de-la-medecine-electronique-sur-demande-de-sonia-ben-cheikh\/"},"modified":"2019-07-17T06:35:11","modified_gmt":"2019-07-17T10:35:11","slug":"tunisie-report-par-larp-de-lexamen-du-projet-de-loi-de-promotion-de-la-medecine-electronique-sur-demande-de-sonia-ben-cheikh","status":"publish","type":"post","link":"https:\/\/linitiative.ca\/International\/tunisie-report-par-larp-de-lexamen-du-projet-de-loi-de-promotion-de-la-medecine-electronique-sur-demande-de-sonia-ben-cheikh\/","title":{"rendered":"Tunisie: Report par l\u2019ARP de l\u2019examen du projet de loi de promotion de la m\u00e9decine \u00e9lectronique sur demande de Sonia Ben Cheikh"},"content":{"rendered":"<div class=\"post-cont-in left relative\">\n<div class=\"swp_social_panel swp_horizontal_panel swp_flat_fresh swp_default_full_color swp_individual_full_color swp_other_full_color scale-100 scale-\" data-min-width=\"1100\" data-float-color=\"#ffffff\" data-float=\"none\" data-float-mobile=\"none\" data-transition=\"slide\">\n<div class=\"nc_tweetContainer swp_share_button total_shares total_sharesalt\"><span class=\"swp_count\">6 <span class=\"swp_label\">Partages<\/span><\/span><\/div>\n<\/div>\n<p>La ministre par int\u00e9rim de la Sant\u00e9, Sonia Ben Cheikh, a demand\u00e9 \u00e0 l\u2019Assembl\u00e9e des repr\u00e9sentants du Peuple (ARP) de diff\u00e9rer l\u2019examen d\u2019un projet de loi sur l\u2019approbation de l\u2019accord de pr\u00eat entre la R\u00e9publique tunisienne et l\u2019Agence fran\u00e7aise de d\u00e9veloppement, afin de contribuer au financement du fonds de soutien \u00e9lectronique \u00e0 la sant\u00e9 \u201cE-sant\u00e9\u201d, a annonc\u00e9 le premier vice-pr\u00e9sident de l\u2019ARP, Abdelfattah Mourou, \u00e0 l\u2019ouverture de la s\u00e9ance pl\u00e9ni\u00e8re de ce mercredi.<\/p>\n<p>Les d\u00e9put\u00e9 ont d\u00e9cid\u00e9 de reporter l\u2019examen du projet de loi.<\/p>\n<div class=\"code-block code-block-1 c3\"><ins class=\"adsbygoogle c2\" data-ad-layout=\"in-article\" data-ad-format=\"fluid\" data-ad-client=\"ca-pub-2102118777505746\" data-ad-slot=\"7301775417\"\/> <\/div>\n<div class=\"mvp-org-wrap mvp-org-logo\" itemprop=\"publisher\" itemscope=\"\" itemtype=\"https:\/\/schema.org\/Organization\"><img decoding=\"async\" src=\"https:\/\/www.tunisienumerique.com\/wp-content\/uploads\/2017\/02\/logo_tunisie_numerique.png\"\/><\/div>\n<div class=\"swp_social_panel swp_horizontal_panel swp_flat_fresh swp_default_full_color swp_individual_full_color swp_other_full_color scale-100 scale-\" data-min-width=\"1100\" data-float-color=\"#ffffff\" data-float=\"none\" data-float-mobile=\"none\" data-transition=\"slide\">\n<div class=\"nc_tweetContainer swp_share_button total_shares total_sharesalt\"><span class=\"swp_count\">6 <span class=\"swp_label\">Partages<\/span><\/span><\/div>\n<\/div>\n<div class=\"mvp-related-posts left relative\">\n<h4 class=\"post-header\"><span class=\"post-header\">Lire aussi<\/span><\/h4>\n<\/div>\n<\/div>\n<p>Auteur: Mourad S<br \/>\n<a href=\"https:\/\/www.tunisienumerique.com\/tunisie-report-par-larp-de-lexamen-du-projet-de-loi-de-promotion-de-la-medecine-electronique-sur-demande-de-sonia-ben-cheikh\/\">Cliquez ici pour lire l&rsquo;article depuis sa source.<\/a><\/p>\n","protected":false},"excerpt":{"rendered":"<p>6 Partages La ministre par int\u00e9rim de la Sant\u00e9, Sonia Ben Cheikh, a demand\u00e9 \u00e0 l\u2019Assembl\u00e9e des repr\u00e9sentants du Peuple (ARP) de diff\u00e9rer l\u2019examen d\u2019un projet de loi sur l\u2019approbation de l\u2019accord de pr\u00eat entre la R\u00e9publique tunisienne et l\u2019Agence fran\u00e7aise de d\u00e9veloppement, afin de contribuer au financement du fonds de soutien \u00e9lectronique \u00e0 la [&hellip;]<\/p>\n","protected":false},"author":1789,"featured_media":46793,"comment_status":"closed","ping_status":"closed","sticky":false,"template":"","format":"standard","meta":{"fifu_image_url":"","fifu_image_alt":"","footnotes":""},"categories":[73,55],"tags":[],"class_list":["post-46791","post","type-post","status-publish","format-standard","has-post-thumbnail","hentry","category-actualite","category-tunisie"],"_links":{"self":[{"href":"https:\/\/linitiative.ca\/International\/wp-json\/wp\/v2\/posts\/46791","targetHints":{"allow":["GET"]}}],"collection":[{"href":"https:\/\/linitiative.ca\/International\/wp-json\/wp\/v2\/posts"}],"about":[{"href":"https:\/\/linitiative.ca\/International\/wp-json\/wp\/v2\/types\/post"}],"author":[{"embeddable":true,"href":"https:\/\/linitiative.ca\/International\/wp-json\/wp\/v2\/users\/1789"}],"replies":[{"embeddable":true,"href":"https:\/\/linitiative.ca\/International\/wp-json\/wp\/v2\/comments?post=46791"}],"version-history":[{"count":0,"href":"https:\/\/linitiative.ca\/International\/wp-json\/wp\/v2\/posts\/46791\/revisions"}],"wp:featuredmedia":[{"embeddable":true,"href":"https:\/\/linitiative.ca\/International\/wp-json\/"}],"wp:attachment":[{"href":"https:\/\/linitiative.ca\/International\/wp-json\/wp\/v2\/media?parent=46791"}],"wp:term":[{"taxonomy":"category","embeddable":true,"href":"https:\/\/linitiative.ca\/International\/wp-json\/wp\/v2\/categories?post=46791"},{"taxonomy":"post_tag","embeddable":true,"href":"https:\/\/linitiative.ca\/International\/wp-json\/wp\/v2\/tags?post=46791"}],"curies":[{"name":"wp","href":"https:\/\/api.w.org\/{rel}","templated":true}]}}