{"id":46806,"date":"2019-07-17T07:07:53","date_gmt":"2019-07-17T11:07:53","guid":{"rendered":"https:\/\/linitiative.ca\/International\/tunisie-lamia-mlayeh-ceux-qui-considerent-quils-ont-remporte-les-elections-municipales-partielles-du-bardo-ont-tort\/"},"modified":"2019-07-17T07:07:53","modified_gmt":"2019-07-17T11:07:53","slug":"tunisie-lamia-mlayeh-ceux-qui-considerent-quils-ont-remporte-les-elections-municipales-partielles-du-bardo-ont-tort","status":"publish","type":"post","link":"https:\/\/linitiative.ca\/International\/tunisie-lamia-mlayeh-ceux-qui-considerent-quils-ont-remporte-les-elections-municipales-partielles-du-bardo-ont-tort\/","title":{"rendered":"Tunisie- Lamia Mlayeh\u201d Ceux qui consid\u00e8rent qu\u2019ils ont remport\u00e9 les \u00e9lections municipales partielles du Bardo ont tort\u201d"},"content":{"rendered":"<div class=\"post-cont-in left relative\">\n<div class=\"swp_social_panel swp_horizontal_panel swp_flat_fresh swp_default_full_color swp_individual_full_color swp_other_full_color scale-100 scale-\" data-min-width=\"1100\" data-float-color=\"#ffffff\" data-float=\"none\" data-float-mobile=\"none\" data-transition=\"slide\">\n<div class=\"nc_tweetContainer swp_share_button total_shares total_sharesalt\"><span class=\"swp_count\">8 <span class=\"swp_label\">Partages<\/span><\/span><\/div>\n<\/div>\n<p>La d\u00e9put\u00e9e, Lamia Mlayah a d\u00e9clar\u00e9 ce mercredi, 17 juillet 2019, lors d\u2019une interview accord\u00e9e \u00e0 Tunisienumerique que les \u00e9lections municipales partielles du Bardo ont \u00e9t\u00e9 marqu\u00e9es par une grande r\u00e9ticence des \u00e9lecteurs.<\/p>\n<p>Dans ce contexte, la d\u00e9put\u00e9e a ajout\u00e9 que ceux qui consid\u00e8rent qu\u2019ils ont remport\u00e9\u00a0ces \u00e9lections ont tort parce que les r\u00e9sultats ne refl\u00e8tent que l\u2019opinion d\u2019une minorit\u00e9.<\/p>\n<div class=\"code-block code-block-1 c3\"><ins class=\"adsbygoogle c2\" data-ad-layout=\"in-article\" data-ad-format=\"fluid\" data-ad-client=\"ca-pub-2102118777505746\" data-ad-slot=\"7301775417\"\/> <\/div>\n<div class=\"mvp-org-wrap mvp-org-logo\" itemprop=\"publisher\" itemscope=\"\" itemtype=\"https:\/\/schema.org\/Organization\"><img decoding=\"async\" src=\"https:\/\/www.tunisienumerique.com\/wp-content\/uploads\/2017\/02\/logo_tunisie_numerique.png\"\/><\/div>\n<div class=\"swp_social_panel swp_horizontal_panel swp_flat_fresh swp_default_full_color swp_individual_full_color swp_other_full_color scale-100 scale-\" data-min-width=\"1100\" data-float-color=\"#ffffff\" data-float=\"none\" data-float-mobile=\"none\" data-transition=\"slide\">\n<div class=\"nc_tweetContainer swp_share_button total_shares total_sharesalt\"><span class=\"swp_count\">8 <span class=\"swp_label\">Partages<\/span><\/span><\/div>\n<\/div>\n<div class=\"mvp-related-posts left relative\">\n<h4 class=\"post-header\"><span class=\"post-header\">Lire aussi<\/span><\/h4>\n<\/div>\n<\/div>\n<p>Auteur: Laameri Dorsaf<br \/>\n<a href=\"https:\/\/www.tunisienumerique.com\/tunisie-lamia-mlayeh-ceux-qui-considerent-quils-ont-remporte-les-elections-municipales-partielles-du-bardo-ont-tort\/\">Cliquez ici pour lire l&rsquo;article depuis sa source.<\/a><\/p>\n","protected":false},"excerpt":{"rendered":"<p>8 Partages La d\u00e9put\u00e9e, Lamia Mlayah a d\u00e9clar\u00e9 ce mercredi, 17 juillet 2019, lors d\u2019une interview accord\u00e9e \u00e0 Tunisienumerique que les \u00e9lections municipales partielles du Bardo ont \u00e9t\u00e9 marqu\u00e9es par une grande r\u00e9ticence des \u00e9lecteurs. Dans ce contexte, la d\u00e9put\u00e9e a ajout\u00e9 que ceux qui consid\u00e8rent qu\u2019ils ont remport\u00e9\u00a0ces \u00e9lections ont tort parce que les [&hellip;]<\/p>\n","protected":false},"author":1789,"featured_media":46807,"comment_status":"closed","ping_status":"closed","sticky":false,"template":"","format":"standard","meta":{"fifu_image_url":"","fifu_image_alt":"","footnotes":""},"categories":[73,55],"tags":[],"class_list":["post-46806","post","type-post","status-publish","format-standard","has-post-thumbnail","hentry","category-actualite","category-tunisie"],"_links":{"self":[{"href":"https:\/\/linitiative.ca\/International\/wp-json\/wp\/v2\/posts\/46806","targetHints":{"allow":["GET"]}}],"collection":[{"href":"https:\/\/linitiative.ca\/International\/wp-json\/wp\/v2\/posts"}],"about":[{"href":"https:\/\/linitiative.ca\/International\/wp-json\/wp\/v2\/types\/post"}],"author":[{"embeddable":true,"href":"https:\/\/linitiative.ca\/International\/wp-json\/wp\/v2\/users\/1789"}],"replies":[{"embeddable":true,"href":"https:\/\/linitiative.ca\/International\/wp-json\/wp\/v2\/comments?post=46806"}],"version-history":[{"count":0,"href":"https:\/\/linitiative.ca\/International\/wp-json\/wp\/v2\/posts\/46806\/revisions"}],"wp:featuredmedia":[{"embeddable":true,"href":"https:\/\/linitiative.ca\/International\/wp-json\/"}],"wp:attachment":[{"href":"https:\/\/linitiative.ca\/International\/wp-json\/wp\/v2\/media?parent=46806"}],"wp:term":[{"taxonomy":"category","embeddable":true,"href":"https:\/\/linitiative.ca\/International\/wp-json\/wp\/v2\/categories?post=46806"},{"taxonomy":"post_tag","embeddable":true,"href":"https:\/\/linitiative.ca\/International\/wp-json\/wp\/v2\/tags?post=46806"}],"curies":[{"name":"wp","href":"https:\/\/api.w.org\/{rel}","templated":true}]}}