{"id":46808,"date":"2019-07-17T07:14:47","date_gmt":"2019-07-17T11:14:47","guid":{"rendered":"https:\/\/linitiative.ca\/International\/mercato-saber-khelifa-choisit-le-club-africain\/"},"modified":"2019-07-17T07:14:47","modified_gmt":"2019-07-17T11:14:47","slug":"mercato-saber-khelifa-choisit-le-club-africain","status":"publish","type":"post","link":"https:\/\/linitiative.ca\/International\/mercato-saber-khelifa-choisit-le-club-africain\/","title":{"rendered":"Mercato :\u00a0Saber\u00a0Khelifa\u00a0choisit le Club Africain\u00a0\u00a0"},"content":{"rendered":"<div class=\"nc_socialPanel swp_flatFresh swp_d_fullColor swp_i_fullColor swp_o_fullColor scale-100 scale-fullWidth\" data-position=\"none\" data-float=\"floatNone\" data-count=\"5\" data-floatcolor=\"#ffffff\" data-emphasize=\"0\">\n<div class=\"nc_tweetContainer totes totesalt\" data-id=\"6\"><span class=\"swp_count\"><span class=\"swp_label\">Partages<\/span> 0<\/span><\/div>\n<\/div>\n<p>Tunisienumerique\u00a0a appris que l\u2019attaquant tunisien, Saber\u00a0Khelifa\u00a0a sign\u00e9 un contrat non annonc\u00e9 pour rejoindre son ancien club, le Club Africain, \u00e0 compter de janvier 2020, date de r\u00e9siliation de la sanction inflig\u00e9e au club de Bab\u00a0Jedid\u00a0par la FIFA.<\/p>\n<p>Les \u201cRouge et Blanc\u201d ont \u00e9t\u00e9 sanctionn\u00e9s pour deux march\u00e9s de transferts \u00e0 cause des impay\u00e9s de plusieurs anciens joueurs.<\/p>\n<div class=\"code-block code-block-1 c4\"><ins class=\"adsbygoogle c3\" data-ad-layout=\"in-article\" data-ad-format=\"fluid\" data-ad-client=\"ca-pub-2102118777505746\" data-ad-slot=\"7301775417\"\/> <\/div>\n<p>Pour rappel,\u00a0Khelifa\u00a0a \u00e9t\u00e9 tr\u00e8s\u00a0proche de s\u2019engager avec l\u2019Etoile du Sahel, avant l\u2019intervention du CA dans l\u2019affaire.<\/p>\n<div class=\"mvp-org-wrap mvp-org-logo\" itemprop=\"publisher\" itemscope=\"\" itemtype=\"https:\/\/schema.org\/Organization\"><img decoding=\"async\" src=\"https:\/\/sport.tunisienumerique.com\/wp-content\/uploads\/2017\/05\/logo_tunisie_numerique.png\"\/><\/div>\n<div class=\"nc_socialPanel swp_flatFresh swp_d_fullColor swp_i_fullColor swp_o_fullColor scale-100 scale-fullWidth\" data-position=\"none\" data-float=\"floatNone\" data-count=\"5\" data-floatcolor=\"#ffffff\" data-emphasize=\"0\">\n<div class=\"nc_tweetContainer totes totesalt\" data-id=\"6\"><span class=\"swp_count\"><span class=\"swp_label\">Partages<\/span> 0<\/span><\/div>\n<\/div>\n<div class=\"mvp-related-posts left relative\">\n<h4 class=\"post-header\"><span class=\"post-header\">Lire aussi<\/span><\/h4>\n<\/div>\n<p>Auteur: a.<br \/>\n<a href=\"https:\/\/sport.tunisienumerique.com\/mercato-saber-khelifa-choisit-club-africain\/\">Cliquez ici pour lire l&rsquo;article depuis sa source.<\/a><\/p>\n","protected":false},"excerpt":{"rendered":"<p>Partages 0 Tunisienumerique\u00a0a appris que l\u2019attaquant tunisien, Saber\u00a0Khelifa\u00a0a sign\u00e9 un contrat non annonc\u00e9 pour rejoindre son ancien club, le Club Africain, \u00e0 compter de janvier 2020, date de r\u00e9siliation de la sanction inflig\u00e9e au club de Bab\u00a0Jedid\u00a0par la FIFA. Les \u201cRouge et Blanc\u201d ont \u00e9t\u00e9 sanctionn\u00e9s pour deux march\u00e9s de transferts \u00e0 cause des impay\u00e9s [&hellip;]<\/p>\n","protected":false},"author":1789,"featured_media":46809,"comment_status":"closed","ping_status":"closed","sticky":false,"template":"","format":"standard","meta":{"fifu_image_url":"","fifu_image_alt":"","footnotes":""},"categories":[73,55],"tags":[],"class_list":["post-46808","post","type-post","status-publish","format-standard","has-post-thumbnail","hentry","category-actualite","category-tunisie"],"_links":{"self":[{"href":"https:\/\/linitiative.ca\/International\/wp-json\/wp\/v2\/posts\/46808","targetHints":{"allow":["GET"]}}],"collection":[{"href":"https:\/\/linitiative.ca\/International\/wp-json\/wp\/v2\/posts"}],"about":[{"href":"https:\/\/linitiative.ca\/International\/wp-json\/wp\/v2\/types\/post"}],"author":[{"embeddable":true,"href":"https:\/\/linitiative.ca\/International\/wp-json\/wp\/v2\/users\/1789"}],"replies":[{"embeddable":true,"href":"https:\/\/linitiative.ca\/International\/wp-json\/wp\/v2\/comments?post=46808"}],"version-history":[{"count":0,"href":"https:\/\/linitiative.ca\/International\/wp-json\/wp\/v2\/posts\/46808\/revisions"}],"wp:featuredmedia":[{"embeddable":true,"href":"https:\/\/linitiative.ca\/International\/wp-json\/"}],"wp:attachment":[{"href":"https:\/\/linitiative.ca\/International\/wp-json\/wp\/v2\/media?parent=46808"}],"wp:term":[{"taxonomy":"category","embeddable":true,"href":"https:\/\/linitiative.ca\/International\/wp-json\/wp\/v2\/categories?post=46808"},{"taxonomy":"post_tag","embeddable":true,"href":"https:\/\/linitiative.ca\/International\/wp-json\/wp\/v2\/tags?post=46808"}],"curies":[{"name":"wp","href":"https:\/\/api.w.org\/{rel}","templated":true}]}}