{"id":46812,"date":"2019-07-17T07:41:43","date_gmt":"2019-07-17T11:41:43","guid":{"rendered":"https:\/\/linitiative.ca\/International\/autonomisation-de-la-femme-le-maroc-prime-a-libreville\/"},"modified":"2019-07-17T07:41:43","modified_gmt":"2019-07-17T11:41:43","slug":"autonomisation-de-la-femme-le-maroc-prime-a-libreville","status":"publish","type":"post","link":"https:\/\/linitiative.ca\/International\/autonomisation-de-la-femme-le-maroc-prime-a-libreville\/","title":{"rendered":"Autonomisation de la femme: Le Maroc prim\u00e9 \u00e0 Libreville"},"content":{"rendered":"<p class=\"c4\"><span class=\"c3\"><strong>\u00ab<span class=\"c2\">L<\/span>es femmes leaders d\u2019Afrique et d\u2019ailleurs inspirantes\u00bb ont attribu\u00e9 au Maroc le troph\u00e9e de leur premier forum, tenu \u00e0 Libreville, en reconnaissance aux efforts d\u00e9ploy\u00e9s depuis des ann\u00e9es par le Royaume pour l\u2019autonomisation de la femme marocaine.<\/strong><\/span><\/p>\n<p class=\"c4\">Le troph\u00e9e a \u00e9t\u00e9 remis, samedi soir, \u00e0 la Marocaine Samira Yassni Jirari, repr\u00e9sentante de l\u2019Alliance internationale des femmes aupr\u00e8s de l\u2019Union Africaine, par Sidonie Flore Ouwe, pr\u00e9sidente de la plateforme associative gabonaise \u00abLe Salon de la femme\u00bb, organisatrice de l\u2019\u00e9v\u00e9nement.<\/p>\n<p class=\"c4\">Le troph\u00e9e est une reconnaissance aux nombreuses r\u00e9formes et initiatives entreprises par le Maroc pour l\u2019\u00e9mancipation de la femme et la promotion de son rang dans la soci\u00e9t\u00e9, a soulign\u00e9 \u00e0 la MAP Mme Yassni Jirari, \u00e9galement membre du Comit\u00e9 d\u2019organisation du forum.<\/p>\n<p class=\"c4\">A cet \u00e9gard, elle a rappel\u00e9 les nombreux acquis enregistr\u00e9 en faveur de la femme au Maroc, notamment le code de la famille, les conventions et pactes internationaux ratifi\u00e9s par le Royaume et la constitution marocaine qui garantit l\u2019\u00e9galit\u00e9 dans les droits et les libert\u00e9s entre l\u2019homme et la femme.<\/p>\n<p class=\"c4\">Mme Yassni Jirari a mis aussi en avant la dynamique de la soci\u00e9t\u00e9 civile marocaine et la synergie entre les d\u00e9partements gouvernementaux, les \u00e9lus et acteurs associatifs dans le Royaume pour l\u2019autonomisation de la femme et la promotion de ses droits politiques, \u00e9conomiques et sociaux pour qu\u2019elle puisse jouer le r\u00f4le qui lui \u00e9choit dans la soci\u00e9t\u00e9.<\/p>\n<p class=\"c4\">Par ailleurs, dans son intervention lors d\u2019un panel sur la r\u00e9solution 1325 concernant les droits des femmes, la paix et la s\u00e9curit\u00e9, elle a appel\u00e9 \u00e0 la vulgarisation de cette r\u00e9solution, adopt\u00e9e le 31 octobre 2000 par le Conseil de s\u00e9curit\u00e9 des Nations unies, aupr\u00e8s des acteurs de la soci\u00e9t\u00e9 civile dans les pays africains et au renforcement du plaidoyer aupr\u00e8s des Etats pour sa mise en application.<\/p>\n<p class=\"c4\">Organis\u00e9 par la plateforme associative \u00abLe Salon de la femme\u00bb en partenariat avec le Minist\u00e8re gabonais de la Culture, des Sports charg\u00e9 de la Jeunesse et la vie associative, le forum des \u00abfemmes leaders d\u2019Afrique et d\u2019ailleurs inspirantes\u00bb (08-14 juillet) se veut une plateforme d\u2019\u00e9change multidisciplinaire entre les femmes leaders d\u2019Afrique et d\u2019ailleurs.<\/p>\n<p class=\"c4\">Cette rencontre, tenue sous le th\u00e8me \u00abLe renouveau pragmatique de l\u2019autonomisation de la Femme par l\u2019Exemple\u00bb a \u00e9t\u00e9 l\u2019occasion d\u2019\u00e9changer sur la coop\u00e9ration des pays par rapport \u00e0 l\u2019implication des femmes dans le domaine de la paix et de la s\u00e9curit\u00e9, les solutions pratiques au d\u00e9marrage effectif de l\u2019autonomisation de la femme africaine et d\u2019ailleurs, les pr\u00e9occupations qui peuvent constituer des freins \u00e0 l\u2019autonomisation des femmes, les droits fondamentaux des femmes et les moyens de promouvoir des exemples f\u00e9minins qui inspirent et impactent.<\/p>\n<p class=\"c4\">Les organisateurs aspirent \u00e0 travers cet \u00e9v\u00e9nement susciter l\u2019int\u00e9r\u00eat des pouvoirs publics et des partenaires au d\u00e9veloppement pour accompagner les femmes et cr\u00e9er des partenariats sud-sud entre femmes inspirantes d\u2019Afrique et d\u2019ailleurs pour une r\u00e9elle autonomisation.<\/p>\n<p>Auteur: rahal mehamed<br \/>\n<a href=\"http:\/\/albayane.press.ma\/autonomisation-de-la-femme-le-maroc-prime-a-libreville.html\">Cliquez ici pour lire l&rsquo;article depuis sa source.<\/a><\/p>\n","protected":false},"excerpt":{"rendered":"<p>\u00abLes femmes leaders d\u2019Afrique et d\u2019ailleurs inspirantes\u00bb ont attribu\u00e9 au Maroc le troph\u00e9e de leur premier forum, tenu \u00e0 Libreville, en reconnaissance aux efforts d\u00e9ploy\u00e9s depuis des ann\u00e9es par le Royaume pour l\u2019autonomisation de la femme marocaine. Le troph\u00e9e a \u00e9t\u00e9 remis, samedi soir, \u00e0 la Marocaine Samira Yassni Jirari, repr\u00e9sentante de l\u2019Alliance internationale des [&hellip;]<\/p>\n","protected":false},"author":1760,"featured_media":0,"comment_status":"closed","ping_status":"closed","sticky":false,"template":"","format":"standard","meta":{"fifu_image_url":"","fifu_image_alt":"","footnotes":""},"categories":[73,54],"tags":[],"class_list":["post-46812","post","type-post","status-publish","format-standard","hentry","category-actualite","category-maroc"],"_links":{"self":[{"href":"https:\/\/linitiative.ca\/International\/wp-json\/wp\/v2\/posts\/46812","targetHints":{"allow":["GET"]}}],"collection":[{"href":"https:\/\/linitiative.ca\/International\/wp-json\/wp\/v2\/posts"}],"about":[{"href":"https:\/\/linitiative.ca\/International\/wp-json\/wp\/v2\/types\/post"}],"author":[{"embeddable":true,"href":"https:\/\/linitiative.ca\/International\/wp-json\/wp\/v2\/users\/1760"}],"replies":[{"embeddable":true,"href":"https:\/\/linitiative.ca\/International\/wp-json\/wp\/v2\/comments?post=46812"}],"version-history":[{"count":0,"href":"https:\/\/linitiative.ca\/International\/wp-json\/wp\/v2\/posts\/46812\/revisions"}],"wp:attachment":[{"href":"https:\/\/linitiative.ca\/International\/wp-json\/wp\/v2\/media?parent=46812"}],"wp:term":[{"taxonomy":"category","embeddable":true,"href":"https:\/\/linitiative.ca\/International\/wp-json\/wp\/v2\/categories?post=46812"},{"taxonomy":"post_tag","embeddable":true,"href":"https:\/\/linitiative.ca\/International\/wp-json\/wp\/v2\/tags?post=46812"}],"curies":[{"name":"wp","href":"https:\/\/api.w.org\/{rel}","templated":true}]}}