{"id":46813,"date":"2019-07-17T07:42:49","date_gmt":"2019-07-17T11:42:49","guid":{"rendered":"https:\/\/linitiative.ca\/International\/fete-nationale-de-france-a-agadir\/"},"modified":"2019-07-17T07:42:49","modified_gmt":"2019-07-17T11:42:49","slug":"fete-nationale-de-france-a-agadir","status":"publish","type":"post","link":"https:\/\/linitiative.ca\/International\/fete-nationale-de-france-a-agadir\/","title":{"rendered":"F\u00eate nationale de France \u00e0 Agadir"},"content":{"rendered":"<p class=\"c3\"><span class=\"c2\"><strong>Sous le signe de liesse et de communion!<\/strong><\/span><\/p>\n<p class=\"c5\"><span class=\"c4\"><strong><span class=\"c2\">C<\/span>omme \u00e0 son accoutum\u00e9e, le Consulat g\u00e9n\u00e9ral de France \u00e0 Agadir a c\u00e9l\u00e9br\u00e9 le 14 juillet, cette ann\u00e9e encore, en grande pompe.<\/strong><\/span><\/p>\n<p class=\"c5\">En pr\u00e9sence du Wali de la r\u00e9gion Souss Massa et d\u2019une pl\u00e9thore de convives de tout acabit, la festivit\u00e9 c\u00e9r\u00e9moniale qui a eu lieu dans les somptueux jardins de la b\u00e2tisse tricolore, fut marqu\u00e9e, une fois n\u2019est pas coutume, par le rituel mot de bienvenue du diplomate de l\u2019Hexagone. Tout aur\u00e9ol\u00e9 par cette imposante messe, l\u2019orateur n\u2019a pas manqu\u00e9 de mettre en exergue les rapports de confiance et de coop\u00e9ration qui ont constamment ciment\u00e9 les deux nations, \u00e0 travers des d\u00e9cennies. Ces relations privil\u00e9gi\u00e9es n\u2019ont jamais cess\u00e9 de se renforcer, par le biais d\u2019initiatives mutuelles dans tous les domaines. Elles le seront encore davantage par la visite imminente du pr\u00e9sident fran\u00e7ais dans notre pays, r\u00e9cemment annonc\u00e9.<\/p>\n<p class=\"c5\">Au niveau r\u00e9gional, l\u2019intervenant a eu le m\u00e9rite de mettre l\u2019accent sur les diverses fili\u00e8res de partenariat, riches et f\u00e9condes qui ont caract\u00e9ris\u00e9 ce palmar\u00e8s \u00e9loquent des deux communaut\u00e9s. Aussi bien sur le plan des secteurs du tourisme, des arts et de la culture, de l\u2019enseignement, tous cycles confondus, que de l\u2019industrie et bien d\u2019autres activit\u00e9s, l\u2019\u00e9change et le partage se font machinalement, accomplir dans un esprit imbu d\u2019entente et de concorde.<\/p>\n<p class=\"c5\">La qualit\u00e9 de cette r\u00e9ciprocit\u00e9 touchant, en fait, tous les compartiments de la vie active, t\u00e9moigne d\u2019une profonde volont\u00e9, de part et d\u2019autre, d\u2019insuffler \u00e0 ce labeur une dynamique ascendante. A cet \u00e9gard, le discoureur fran\u00e7ais n\u2019a pas h\u00e9sit\u00e9 de mettre en valeur l\u2019illustration notoire de ces \u00e9bauches, tout en rendant un vibrant hommage \u00e0 tous les partenaires de la r\u00e9gion et se f\u00e9licitant de la chaleur de l\u2019accueil et de la disponibilit\u00e9 pr\u00e9gnante dont il fait l\u2019objet ainsi que l\u2019ensemble de son \u00e9quipe de travail.<\/p>\n<p class=\"c5\">Il faut bien dire que cette c\u00e9r\u00e9monie\u00a0 conviviale, c\u00e9l\u00e9br\u00e9e \u00e0 l\u2019occasion de la f\u00eate nationale fran\u00e7aise, a connu un succ\u00e8s retentissant tant au niveau de l\u2019espace joliment pavois\u00e9 pour la circonstance, de l\u2019animation assur\u00e9e par un superbe staff\u00a0 d\u2019artistes de la musique nostalgique, du nom de \u00ables balochiens, all stars\u00bb, en tourn\u00e9e \u00e0 Tiznit et Agadir, de la parfaite organisation,\u00a0 que surtout de la communion qui r\u00e9gnait, de bout en bout, dans cette gracieuse enceinte.<\/p>\n<p class=\"c5\">Enfin, avant d\u2019\u00eatre convi\u00e9e \u00e0 un cocktail raffin\u00e9, l\u2019assistance fut invit\u00e9e \u00e0 la traditionnelle s\u00e9ance d\u2019audition des hymnes nationaux de la France et du Maroc, royalement interpr\u00e9t\u00e9s par Samira Kadiri, cantatrice de renom du nord du royaume.<\/p>\n<p class=\"c6\"><strong>Saoudi El Amalki<\/strong><\/p>\n<p>Auteur: rahal mehamed<br \/>\n<a href=\"http:\/\/albayane.press.ma\/fete-nationale-de-france-a-agadir.html\">Cliquez ici pour lire l&rsquo;article depuis sa source.<\/a><\/p>\n","protected":false},"excerpt":{"rendered":"<p>Sous le signe de liesse et de communion! Comme \u00e0 son accoutum\u00e9e, le Consulat g\u00e9n\u00e9ral de France \u00e0 Agadir a c\u00e9l\u00e9br\u00e9 le 14 juillet, cette ann\u00e9e encore, en grande pompe. En pr\u00e9sence du Wali de la r\u00e9gion Souss Massa et d\u2019une pl\u00e9thore de convives de tout acabit, la festivit\u00e9 c\u00e9r\u00e9moniale qui a eu lieu dans [&hellip;]<\/p>\n","protected":false},"author":1760,"featured_media":0,"comment_status":"closed","ping_status":"closed","sticky":false,"template":"","format":"standard","meta":{"fifu_image_url":"","fifu_image_alt":"","footnotes":""},"categories":[73,54],"tags":[],"class_list":["post-46813","post","type-post","status-publish","format-standard","hentry","category-actualite","category-maroc"],"_links":{"self":[{"href":"https:\/\/linitiative.ca\/International\/wp-json\/wp\/v2\/posts\/46813","targetHints":{"allow":["GET"]}}],"collection":[{"href":"https:\/\/linitiative.ca\/International\/wp-json\/wp\/v2\/posts"}],"about":[{"href":"https:\/\/linitiative.ca\/International\/wp-json\/wp\/v2\/types\/post"}],"author":[{"embeddable":true,"href":"https:\/\/linitiative.ca\/International\/wp-json\/wp\/v2\/users\/1760"}],"replies":[{"embeddable":true,"href":"https:\/\/linitiative.ca\/International\/wp-json\/wp\/v2\/comments?post=46813"}],"version-history":[{"count":0,"href":"https:\/\/linitiative.ca\/International\/wp-json\/wp\/v2\/posts\/46813\/revisions"}],"wp:attachment":[{"href":"https:\/\/linitiative.ca\/International\/wp-json\/wp\/v2\/media?parent=46813"}],"wp:term":[{"taxonomy":"category","embeddable":true,"href":"https:\/\/linitiative.ca\/International\/wp-json\/wp\/v2\/categories?post=46813"},{"taxonomy":"post_tag","embeddable":true,"href":"https:\/\/linitiative.ca\/International\/wp-json\/wp\/v2\/tags?post=46813"}],"curies":[{"name":"wp","href":"https:\/\/api.w.org\/{rel}","templated":true}]}}