{"id":46814,"date":"2019-07-17T07:43:54","date_gmt":"2019-07-17T11:43:54","guid":{"rendered":"https:\/\/linitiative.ca\/International\/prioriser-le-developpement-rural\/"},"modified":"2019-07-17T07:43:54","modified_gmt":"2019-07-17T11:43:54","slug":"prioriser-le-developpement-rural","status":"publish","type":"post","link":"https:\/\/linitiative.ca\/International\/prioriser-le-developpement-rural\/","title":{"rendered":"Prioriser le d\u00e9veloppement rural"},"content":{"rendered":"<p class=\"c4\"><span class=\"c3\"><strong>A<span class=\"c2\">gadir n\u2019est pas seulement la promenade de la corniche, l\u2019art\u00e8re et le b\u00e2timent. Mais, c\u2019est \u00e9galement la montagne, la for\u00eat et le val. Pas moins de douze communes rurales forment cette entit\u00e9 rurale sinueuse et accident\u00e9e pour la plupart de ses constituantes.<\/span><\/strong><\/span><\/p>\n<p class=\"c4\">Une seule commune urbaine ferme la marche, mais avec aussi des p\u00e9riph\u00e9ries p\u00e9riurbaines, en mal de projets structurants idoines. Pour cr\u00e9er l\u2019\u00e9quilibre et l\u2019harmonie escompt\u00e9es entre les composantes de la pr\u00e9fecture \u00e0 dominante rurale, m\u00eame d\u2019aucuns estiment toujours qu\u2019Agadir, c\u2019est la plage et le soleil s\u2019est gard\u00e9 d\u2019\u00e9laborer un plan concert\u00e9 autour d\u2019un diagnostic territorial inclusif. On s\u2019est donc attel\u00e9 \u00e0 mettre en avant une approche inclusive globale et transversale,\u00a0 partag\u00e9e par l\u2019ensemble des acteurs locaux.<\/p>\n<p class=\"c4\">La mise \u00e0 niveau du monde rural et son int\u00e9gration dans les plans de d\u00e9veloppement constituent des priorit\u00e9s de toute action, au vu des attentes diverses et insistantes des populations et des contraintes des collectivit\u00e9s locales. L\u2019objectif \u00e9tant de renforcer les bases de donn\u00e9es collect\u00e9es auparavant et de valoriser les suggestions des acteurs sur place. Cette concertation \u00e0 partir d\u2019un diagnostic documentaire fiable est \u00e0 m\u00eame de mettre constamment en fonction une vision strat\u00e9gique \u00e0 court, moyen et long terme. D\u2019autant plus que les \u00e9changes devraient r\u00e9unir autour du diagnostic territorial participatif des acteurs locaux (Soci\u00e9t\u00e9 civile, \u00e9lus, organisations socio-\u00e9conomiques, services ext\u00e9rieurs, universit\u00e9, secteur priv\u00e9\u2026) dont les vis\u00e9es essentielles s\u2019articulent autour de\u00a0:<\/p>\n<p class=\"c4\"><span class=\"c3\">-Identifier et hi\u00e9rarchiser les probl\u00e8mes majeurs identifi\u00e9s0<\/span><\/p>\n<p class=\"c4\"><span class=\"c3\">-Analyser les probl\u00e8mes prioritaires.<\/span><\/p>\n<p class=\"c4\"><span class=\"c3\">-Analyser les potentialit\u00e9s, ressources et difficult\u00e9s qui peuvent servir de levier de d\u00e9veloppement pour la pr\u00e9fecture d\u2019Agadir Ida Outanane.<\/span><\/p>\n<p class=\"c4\">Les intervenants de toutes les localit\u00e9s regroupant tous les volets aussi bien institutionnels, repr\u00e9sentatifs qu\u2019associatifs se doivent donc de mettre la main \u00e0 la p\u00e2te dans une dynamique inclusive, \u00e0 travers trois ateliers de travail, \u00e0 savoir :<\/p>\n<p class=\"c4\"><span class=\"c3\">\u2013 Secteurs de productions (agriculture, p\u00eache maritime, for\u00eat, commerce, services, artisanat, tourisme \u2026)<\/span><\/p>\n<p class=\"c4\"><span class=\"c3\">-Secteurs sociaux et environnement (enseignement, sant\u00e9, habitat, assainissement\u2026)<\/span><\/p>\n<p class=\"c4\"><span class=\"c3\">-Infrastructures de base (eau, \u00e9lectricit\u00e9, routes, canalisation\u2026).<\/span><\/p>\n<p>Auteur: rahal mehamed<br \/>\n<a href=\"http:\/\/albayane.press.ma\/prioriser-le-developpement-rural.html\">Cliquez ici pour lire l&rsquo;article depuis sa source.<\/a><\/p>\n","protected":false},"excerpt":{"rendered":"<p>Agadir n\u2019est pas seulement la promenade de la corniche, l\u2019art\u00e8re et le b\u00e2timent. Mais, c\u2019est \u00e9galement la montagne, la for\u00eat et le val. Pas moins de douze communes rurales forment cette entit\u00e9 rurale sinueuse et accident\u00e9e pour la plupart de ses constituantes. Une seule commune urbaine ferme la marche, mais avec aussi des p\u00e9riph\u00e9ries p\u00e9riurbaines, [&hellip;]<\/p>\n","protected":false},"author":1760,"featured_media":0,"comment_status":"closed","ping_status":"closed","sticky":false,"template":"","format":"standard","meta":{"fifu_image_url":"","fifu_image_alt":"","footnotes":""},"categories":[73,54],"tags":[],"class_list":["post-46814","post","type-post","status-publish","format-standard","hentry","category-actualite","category-maroc"],"_links":{"self":[{"href":"https:\/\/linitiative.ca\/International\/wp-json\/wp\/v2\/posts\/46814","targetHints":{"allow":["GET"]}}],"collection":[{"href":"https:\/\/linitiative.ca\/International\/wp-json\/wp\/v2\/posts"}],"about":[{"href":"https:\/\/linitiative.ca\/International\/wp-json\/wp\/v2\/types\/post"}],"author":[{"embeddable":true,"href":"https:\/\/linitiative.ca\/International\/wp-json\/wp\/v2\/users\/1760"}],"replies":[{"embeddable":true,"href":"https:\/\/linitiative.ca\/International\/wp-json\/wp\/v2\/comments?post=46814"}],"version-history":[{"count":0,"href":"https:\/\/linitiative.ca\/International\/wp-json\/wp\/v2\/posts\/46814\/revisions"}],"wp:attachment":[{"href":"https:\/\/linitiative.ca\/International\/wp-json\/wp\/v2\/media?parent=46814"}],"wp:term":[{"taxonomy":"category","embeddable":true,"href":"https:\/\/linitiative.ca\/International\/wp-json\/wp\/v2\/categories?post=46814"},{"taxonomy":"post_tag","embeddable":true,"href":"https:\/\/linitiative.ca\/International\/wp-json\/wp\/v2\/tags?post=46814"}],"curies":[{"name":"wp","href":"https:\/\/api.w.org\/{rel}","templated":true}]}}